{"id":11190,"date":"2018-03-09T00:38:01","date_gmt":"2018-03-08T22:38:01","guid":{"rendered":"http:\/\/www.ilkkimbuldu.com\/?p=11190"},"modified":"2018-03-09T00:51:23","modified_gmt":"2018-03-08T22:51:23","slug":"paralimpik-olimpiyatlari-kim-duzenler-ilk-ne-zaman-yapildi","status":"publish","type":"post","link":"https:\/\/www.ilkkimbuldu.com\/?p=11190","title":{"rendered":"Paralimpik Olimpiyatlar\u0131 kim d\u00fczenler, \u0130lk ne zaman yap\u0131ld\u0131?"},"content":{"rendered":"<h2>Paralimpik Olimpiyatlar\u0131 ilk kim d\u00fczenledi, ilk nerede ve ne zaman yap\u0131ld\u0131?<\/h2>\n<p>Paralimpik Oyunlar, engelli sporcular\u0131n m\u00fccadele etti\u011fi b\u00fcy\u00fck bir uluslararas\u0131 spor m\u00fcsabakalar\u0131d\u0131r. 1988\u00a0 G\u00fcney Kore Seul Yaz Olimpiyat Oyunlar\u0131&#8217;ndan bu yana, Olimpiyat Oyunlar\u0131&#8217;n\u0131n hemen ard\u0131ndan K\u0131\u015f veya Yaz Paralimpik Olimpiyatlar\u0131 olarak ger\u00e7ekle\u015ftirilmektedir. T\u00fcm Paralimpik Olimpiyatlar\u0131 Uluslararas\u0131 Paralimpik Komitesi (IPC) taraf\u0131ndan y\u00f6netilmektedir.<\/p>\n<p>Paralimpik Olimpiyat Sporcular\u0131n\u0131n amac\u0131, engelli olmayan Olimpik sporcularla e\u015fit olduklar\u0131n\u0131, ba\u015farabileceklerini ve e\u015fit muamele g\u00f6rmek istediklerini kan\u0131tlamaya \u00e7al\u0131\u015f\u0131yorlar. Ancak Olimpik ve Paralimpik sporculara verilen destek a\u00e7\u0131s\u0131ndan olduk\u00e7a b\u00fcy\u00fck fon fark\u0131 bulunmaktad\u0131r.<\/p>\n<p>Paralimpik sporcular\u0131n sahip oldu\u011fu \u00e7e\u015fitli engeller g\u00f6z \u00f6n\u00fcne al\u0131nd\u0131\u011f\u0131nda, sporcular\u0131n yar\u0131\u015ft\u0131\u011f\u0131 birka\u00e7 kategori vard\u0131r. Oyunlara kat\u0131lmak i\u00e7in belirlenen engeller on farkl\u0131 kategoriye ayr\u0131lm\u0131\u015ft\u0131r. Bu kategoriler kas g\u00fcc\u00fc, bozulmu\u015f pasif hareket aral\u0131\u011f\u0131, ekstremite eksikli\u011fi, bacak uzunlu\u011fu fark\u0131, boy k\u0131sal\u0131\u011f\u0131, hipertoni, ataksi, atetoz, g\u00f6rme bozuklu\u011fu ve zihinsel bozukluklard\u0131r. Bu kategoriler, spordan spora farkl\u0131l\u0131k g\u00f6steren s\u0131n\u0131fland\u0131rmalara da ayr\u0131lmaktad\u0131r.<\/p>\n<h2>Paralimpik Olimpiyatlar\u0131 Tarih\u00e7esi<\/h2>\n<p>Paralimpik Olimpiyatlar\u0131, 1948&#8217;de k\u00fc\u00e7\u00fck bir \u0130ngiliz D\u00fcnya Sava\u015f\u0131 gazileri toplulu\u011fu taraf\u0131ndan ba\u015flat\u0131ld\u0131 ve\u00a0 21. y\u00fczy\u0131l\u0131n ba\u015flar\u0131nda d\u00fcnyan\u0131n en b\u00fcy\u00fck uluslararas\u0131 spor etkinliklerinden biri haline geldi. 1960 y\u0131l\u0131nda 23 \u00fclkeden 400 sporcu kat\u0131ld\u0131. Londra 2012 Oyunlar\u0131&#8217;a ise 100&#8217;den fazla \u00fclkeden binlerce yar\u0131\u015fmac\u0131 rekabet etti.<\/p>\n<p>Paralimpik oyunlar\u0131n ortaya \u00e7\u0131kmas\u0131ndan \u00f6nce engelli sporcular, Olimpiyat Oyunlar\u0131nda olarak yar\u0131\u015fm\u0131\u015flard\u0131r. Olimpiyatlarda yar\u0131\u015fan ilk engelli atlet, 1904&#8217;te bir yapay baca\u011f\u0131 olan Alman Amerikal\u0131 jimnastik\u00e7i George Eyser idi. Macar Karoly Takacs, 1948 ve 1952 Yaz Olimpiyatlar\u0131&#8217;nda ok\u00e7uluk dal\u0131nda yar\u0131\u015ft\u0131. Sa\u011f kolu ampute idi, ok ve yay\u0131 sol eli ile kullan\u0131lyordu. Paralimpik Oyunlardan \u00f6nce Olimpiyatlarda yer alan bir di\u011fer engelli sporcu, \u00e7ocuk felci nedeniyle bir baca\u011f\u0131 k\u0131sa kalan\u00a0Lise \u00f6\u011frencisi olan Lis Hartel oldu.\u00a01943&#8217;te yap\u0131lan Olimpiyatlarda binicilik dal\u0131nda g\u00fcm\u00fc\u015f madalya kazand\u0131.<\/p>\n<h2>Dr. Ludwig Guttmann<\/h2>\n<p><img loading=\"lazy\" decoding=\"async\" class=\"alignnone size-full wp-image-11191\" src=\"http:\/\/www.ilkkimbuldu.com\/wp-content\/uploads\/2018\/03\/sir-ludwig-guttmann.jpg\" alt=\"sir-ludwig-guttmann\" width=\"935\" height=\"450\" srcset=\"https:\/\/www.ilkkimbuldu.com\/wp-content\/uploads\/2018\/03\/sir-ludwig-guttmann.jpg 935w, https:\/\/www.ilkkimbuldu.com\/wp-content\/uploads\/2018\/03\/sir-ludwig-guttmann-300x144.jpg 300w, https:\/\/www.ilkkimbuldu.com\/wp-content\/uploads\/2018\/03\/sir-ludwig-guttmann-768x370.jpg 768w\" sizes=\"(max-width: 935px) 100vw, 935px\" \/><\/p>\n<p>Sadece engelli sporcular\u0131n yar\u0131\u015ft\u0131\u011f\u0131 ilk organizasyon, 1948 Yaz Olimpiyatlar\u0131 zaman\u0131nda \u0130ngiltere, Londra&#8217;da yap\u0131ld\u0131.<\/p>\n<p>1939&#8217;da Yahudi-Alman do\u011fumlu Dr. Ludwig Guttmann,\u00a0 Akademisyenleri Nazi Almanyas\u0131&#8217;ndan ka\u00e7\u0131rmaya yard\u0131m eden kurulu\u015f CARA\u00a0 taraf\u0131ndan \u0130ngiltere&#8217;ye m\u00fclteci olarak getirildi.\u00a01948\u00a0Stoke Mandeville Hastanesi&#8217;nde tedavi etti\u011fi\u00a0omurilik yaralanmas\u0131 olan hastalar\u0131 aras\u0131nda bir yar\u0131\u015fma d\u00fczenledi.<\/p>\n<p>1948&#8217;de yap\u0131lan ilk Paralimpik oyunlar\u0131 Uluslararas\u0131 Tekerlekli Sandalye Oyunlar\u0131 olarak adland\u0131r\u0131ld\u0131. 1948 Yaz Olimpiyatlar\u0131 a\u00e7\u0131l\u0131\u015f g\u00fcn\u00fcnde ger\u00e7ekle\u015ftirildi.\u00a0 Ludwig Guttmann&#8217;\u0131n amac\u0131, engelli insanlar i\u00e7in Olimpiyat Oyunlar\u0131na e\u015fde\u011fer bir elit spor yar\u0131\u015fmas\u0131 olu\u015fturmakt\u0131.<\/p>\n<p>Oyunlar yeniden 1952&#8217;de ayn\u0131 yerde ger\u00e7ekle\u015ftirildi. \u0130ngilizlerin yan\u0131 s\u0131ra Hollandal\u0131 ve \u0130srailli gazilerde yar\u0131\u015fmaya kat\u0131ld\u0131. 1952&#8217;deki yar\u0131\u015fma ile Paralimpik Olimpiyat Oyunlar\u0131 uluslararas\u0131 haline geldi. \u0130lk zamanlar Stoke Mandeville Oyunlar\u0131 olarak da bilinen bu yar\u0131\u015fmalar, Paralimpik Olimpiyatlar\u0131n \u00f6nc\u00fcleri olmu\u015ftur.<\/p>\n<h3>Kilometre Ta\u015flar\u0131<\/h3>\n<p>Sadece sava\u015f gazilerine de\u011fil herkese a\u00e7\u0131k ilk resmi Paralimpik Oyunlar, 1960 y\u0131l\u0131nda Roma&#8217;da yap\u0131ld\u0131 ve 23 \u00fclkeden 400 sporcu yar\u0131\u015ft\u0131. 1960&#8217;dan beri, Paralimpik Oyunlar, Normal Olimpiyat Oyunlar\u0131 ile ayn\u0131 y\u0131lda ger\u00e7ekle\u015ftirildi. Ba\u015flang\u0131\u00e7ta sadece tekerlekli sandalye kullanan sporcular yar\u0131\u015f\u0131yordu.<\/p>\n<p>1976 Yaz Oyunlar\u0131nda, farkl\u0131 engelli sporcular ilk kez bir Yaz Paralimpik Olimpiyatlar\u0131&#8217;nda yer ald\u0131. Daha fazla engellilik s\u0131n\u0131fland\u0131rmas\u0131n\u0131n art\u0131r\u0131lmas\u0131yla 1976 Paralimpik Yaz Oyunlar\u0131 40 \u00fclkeden 1.600 sporcuya ula\u015ft\u0131.<\/p>\n<p>G\u00fcney Kore Seul&#8217;deki 1988 Yaz Paralimpik Oyunlar\u0131, Paralimpik hareket i\u00e7in bir ba\u015fka kilometre ta\u015f\u0131 oldu. Seul&#8217;de, Paralimpik Yaz Oyunlar\u0131 ayn\u0131 \u015fehirde ve Olimpiyat Yaz Oyunlar\u0131&#8217;ndan hemen sonra ayn\u0131 tesisler kullan\u0131larak ger\u00e7ekle\u015ftirildi. Bu, 1992, 1996 ve 2000 y\u0131llar\u0131nda da ayn\u0131 \u015fekilde devam etti.<\/p>\n<p>2001&#8217;de Uluslararas\u0131 Paralimpik Komitesi (IPC) ve Uluslararas\u0131 Olimpiyat Komitesi (IOC) aras\u0131nda resmi bir anla\u015fma yap\u0131ld\u0131. 1992 K\u0131\u015f Paralimpiyatlar\u0131, K\u0131\u015f Olimpiyatlar\u0131 ile ayn\u0131 tesisleri kullanan ilk K\u0131\u015f Oyunlar\u0131yd\u0131.<\/p>\n","protected":false},"excerpt":{"rendered":"<p>Paralimpik Olimpiyatlar\u0131 ilk kim d\u00fczenledi, ilk nerede ve ne zaman yap\u0131ld\u0131? Paralimpik Oyunlar, engelli sporcular\u0131n m\u00fccadele etti\u011fi b\u00fcy\u00fck bir uluslararas\u0131 spor m\u00fcsabakalar\u0131d\u0131r. 1988\u00a0 G\u00fcney Kore Seul Yaz Olimpiyat Oyunlar\u0131&#8217;ndan bu&#8230;<\/p>\n","protected":false},"author":1,"featured_media":11192,"comment_status":"open","ping_status":"closed","sticky":false,"template":"","format":"standard","meta":{"footnotes":""},"categories":[23],"tags":[],"class_list":["post-11190","post","type-post","status-publish","format-standard","has-post-thumbnail","hentry","category-spor"],"_links":{"self":[{"href":"https:\/\/www.ilkkimbuldu.com\/index.php?rest_route=\/wp\/v2\/posts\/11190"}],"collection":[{"href":"https:\/\/www.ilkkimbuldu.com\/index.php?rest_route=\/wp\/v2\/posts"}],"about":[{"href":"https:\/\/www.ilkkimbuldu.com\/index.php?rest_route=\/wp\/v2\/types\/post"}],"author":[{"embeddable":true,"href":"https:\/\/www.ilkkimbuldu.com\/index.php?rest_route=\/wp\/v2\/users\/1"}],"replies":[{"embeddable":true,"href":"https:\/\/www.ilkkimbuldu.com\/index.php?rest_route=%2Fwp%2Fv2%2Fcomments&post=11190"}],"version-history":[{"count":6,"href":"https:\/\/www.ilkkimbuldu.com\/index.php?rest_route=\/wp\/v2\/posts\/11190\/revisions"}],"predecessor-version":[{"id":11198,"href":"https:\/\/www.ilkkimbuldu.com\/index.php?rest_route=\/wp\/v2\/posts\/11190\/revisions\/11198"}],"wp:featuredmedia":[{"embeddable":true,"href":"https:\/\/www.ilkkimbuldu.com\/index.php?rest_route=\/wp\/v2\/media\/11192"}],"wp:attachment":[{"href":"https:\/\/www.ilkkimbuldu.com\/index.php?rest_route=%2Fwp%2Fv2%2Fmedia&parent=11190"}],"wp:term":[{"taxonomy":"category","embeddable":true,"href":"https:\/\/www.ilkkimbuldu.com\/index.php?rest_route=%2Fwp%2Fv2%2Fcategories&post=11190"},{"taxonomy":"post_tag","embeddable":true,"href":"https:\/\/www.ilkkimbuldu.com\/index.php?rest_route=%2Fwp%2Fv2%2Ftags&post=11190"}],"curies":[{"name":"wp","href":"https:\/\/api.w.org\/{rel}","templated":true}]}}