{"id":11726,"date":"2018-08-27T16:15:30","date_gmt":"2018-08-27T14:15:30","guid":{"rendered":"http:\/\/www.ilkkimbuldu.com\/?p=11726"},"modified":"2018-09-30T23:18:10","modified_gmt":"2018-09-30T21:18:10","slug":"bilim-adamlari-ve-icatlari","status":"publish","type":"post","link":"https:\/\/www.ilkkimbuldu.com\/?p=11726","title":{"rendered":"Bilim Adamlar\u0131 ve \u0130catlar\u0131"},"content":{"rendered":"<p>Bir bilim insan\u0131, do\u011fan\u0131n s\u0131rlar\u0131n\u0131 ara\u015ft\u0131ran ki\u015fidir.\u00a0Bir mucit ise, yararl\u0131 \u00fcr\u00fcnler ve cihazlar olu\u015fturmaya \u00e7al\u0131\u015fan ki\u015fidir.\u00a0Baz\u0131 insanlar her iki \u00e7al\u0131\u015fmada da inan\u0131lmaz derecede ba\u015far\u0131l\u0131 olmu\u015ftur. \u0130\u015fte en \u00fcnl\u00fc oniki bilim adam\u0131 ve icatlar\u0131;<\/p>\n<h3><a href=\"http:\/\/www.ilkkimbuldu.com\/arsimet-archimedes-kimdir\/\">Ar\u015fimet<\/a> (M.\u00d6. 287 &#8211; M.\u00d6. 212)<\/h3>\n<p><img loading=\"lazy\" decoding=\"async\" class=\"alignnone size-full wp-image-11730\" src=\"http:\/\/www.ilkkimbuldu.com\/wp-content\/uploads\/2018\/08\/arsimet.jpg\" alt=\"arsimet\" width=\"300\" height=\"335\" srcset=\"https:\/\/www.ilkkimbuldu.com\/wp-content\/uploads\/2018\/08\/arsimet.jpg 300w, https:\/\/www.ilkkimbuldu.com\/wp-content\/uploads\/2018\/08\/arsimet-269x300.jpg 269w\" sizes=\"(max-width: 300px) 100vw, 300px\" \/><\/p>\n<p>Ar\u015fimet Antik \u00e7a\u011flardan beri en \u00e7ok bilinen, en \u00fcnl\u00fc matematik\u00e7i ve bilim adam\u0131d\u0131r. Matematik ve fizikte ger\u00e7ekle\u015ftirdi\u011fi parlak ke\u015fiflere ek olarak, ayn\u0131 zamanda bir mucitti.<\/p>\n<h4><a href=\"http:\/\/www.ilkkimbuldu.com\/arsimetin-buluslari\/\">Ar\u015fimet&#8217;in icatlar\u0131<\/a><\/h4>\n<p>Bug\u00fcn hala kullan\u0131mda olan Ar\u015fimet&#8217;in en b\u00fcy\u00fck icatlar\u0131ndan biri Ar\u015fimet Vidas\u0131d\u0131r. Ar\u015fimet muhtemelen M\u0131s\u0131r&#8217;da ya\u015fad\u0131\u011f\u0131 s\u00fcre zarf\u0131nda bu cihaz\u0131 icat etti ve M\u0131s\u0131r&#8217;da sulama i\u00e7in hala kullan\u0131lmaktad\u0131r. Ar\u015fimet Vidas\u0131 k\u00fcl, tah\u0131l ve kum gibi ince kat\u0131lar\u0131n daha a\u015fa\u011f\u0131 bir seviyeden daha y\u00fcksek bir seviyeye \u00e7\u0131kar\u0131lmas\u0131 i\u00e7in de kullan\u0131lmaktad\u0131r.<\/p>\n<h3>Robert Hooke (1635 \u2013 1703)<\/h3>\n<p><img loading=\"lazy\" decoding=\"async\" class=\"alignnone size-full wp-image-11731\" src=\"http:\/\/www.ilkkimbuldu.com\/wp-content\/uploads\/2018\/08\/robert-hook.jpg\" alt=\"\" width=\"206\" height=\"245\" \/><\/p>\n<p>Bitki h\u00fccreleri Robert Hooke taraf\u0131ndan ke\u015ffedilmi\u015f, isimlendirilmi\u015f ve \u00e7izimleri yap\u0131lm\u0131\u015ft\u0131r. Bitki h\u00fccreleri \u00e7izimleri ilk olarak 1665 y\u0131l\u0131nda Robert Hooke&#8217;un yazd\u0131\u011f\u0131 &#8220;Micrographia&#8221; adl\u0131 kitab\u0131nda yay\u0131nland\u0131. Bitki h\u00fccrelerinin yan\u0131 s\u0131ra\u00a0Eskenlik Yasas\u0131 olarak bilinen Hooke Yasas\u0131n\u0131 ortaya koydu.<\/p>\n<h4>Robert Hooke&#8217;un icatlar\u0131;<\/h4>\n<ul>\n<li>Cep saatlerinde zaman\u0131 do\u011fru tutmak i\u00e7in hayati \u00f6nemi olan denge yay\u0131n\u0131 icat etti.<\/li>\n<li>Saatlerde kullan\u0131lan \u00e7ark di\u015flilerini kesebilen bir makine icat etti. Bu \u00e7arklar, herhangi bir ki\u015finin ba\u015farabilece\u011finden daha ince ayr\u0131nt\u0131larla kesilebiliyordu ve bu sayede daha hassas saat mekanizmalar\u0131n\u0131n geli\u015ftirilmesini sa\u011flad\u0131.<\/li>\n<\/ul>\n<h3>Benjamin Franklin (1706 \u2013 1790)<\/h3>\n<p><img loading=\"lazy\" decoding=\"async\" class=\"alignnone size-full wp-image-11732\" src=\"http:\/\/www.ilkkimbuldu.com\/wp-content\/uploads\/2018\/08\/benjamin-franklin.jpg\" alt=\"\" width=\"500\" height=\"376\" srcset=\"https:\/\/www.ilkkimbuldu.com\/wp-content\/uploads\/2018\/08\/benjamin-franklin.jpg 500w, https:\/\/www.ilkkimbuldu.com\/wp-content\/uploads\/2018\/08\/benjamin-franklin-300x226.jpg 300w\" sizes=\"(max-width: 500px) 100vw, 500px\" \/><\/p>\n<p>Benjamin Franklin, fizi\u011fin temel yasalar\u0131ndan olan elektrik y\u00fck\u00fcn\u00fcn korunmas\u0131 Yasas\u0131&#8217;n\u0131 ispatlad\u0131 ve y\u0131ld\u0131r\u0131m\u0131n elektrik oldu\u011funu kan\u0131tlad\u0131.<\/p>\n<h4>Benjamin Franklin&#8217;in\u00a0icatlar\u0131;<\/h4>\n<ul>\n<li>Bifokal g\u00f6zl\u00fck (\u00e7ift mercekli g\u00f6zl\u00fck &#8211; hem yak\u0131n hemde uza\u011f\u0131 ayn\u0131 g\u00f6zl\u00fck ile g\u00f6rmek i\u00e7in kullan\u0131l\u0131r)<\/li>\n<li>Franklin sobas\u0131n\u0131 icat etti<\/li>\n<li>Paratoner&#8217;i icat etti<\/li>\n<\/ul>\n<h3>Alessandro Volta (1745 &#8211;\u00a01827)<\/h3>\n<p><img loading=\"lazy\" decoding=\"async\" class=\"alignnone size-full wp-image-11733\" src=\"http:\/\/www.ilkkimbuldu.com\/wp-content\/uploads\/2018\/08\/alessandro-volta.jpg\" alt=\"\" width=\"430\" height=\"347\" srcset=\"https:\/\/www.ilkkimbuldu.com\/wp-content\/uploads\/2018\/08\/alessandro-volta.jpg 430w, https:\/\/www.ilkkimbuldu.com\/wp-content\/uploads\/2018\/08\/alessandro-volta-300x242.jpg 300w\" sizes=\"(max-width: 430px) 100vw, 430px\" \/><\/p>\n<p>Alessandro Volta metan gaz\u0131n\u0131 izole eden ilk ki\u015fi oldu. Hava ile kar\u0131\u015ft\u0131r\u0131lan metan\u0131n bir elektrik k\u0131v\u0131lc\u0131m\u0131 kullan\u0131larak patlayabilece\u011fini ke\u015ffetti: bu ke\u015fif\u00a0 i\u00e7ten yanmal\u0131 motorun temelini olu\u015fturdu. Ayr\u0131ca, bir kapasit\u00f6rdeki elektrik potansiyelinin elektrik y\u00fck\u00fc ile do\u011frudan orant\u0131l\u0131 oldu\u011funu da buldu.<\/p>\n<h4>Alessandro Volta&#8217;n\u0131n icatlar\u0131<\/h4>\n<p><a href=\"http:\/\/www.ilkkimbuldu.com\/pil\/\">Pili icat etti!<\/a><\/p>\n<h3>Louis Pasteur (1822 \u2013 1895)<\/h3>\n<p><img loading=\"lazy\" decoding=\"async\" class=\"alignnone size-full wp-image-11734\" src=\"http:\/\/www.ilkkimbuldu.com\/wp-content\/uploads\/2018\/08\/louis-pasteur.jpg\" alt=\"\" width=\"500\" height=\"300\" srcset=\"https:\/\/www.ilkkimbuldu.com\/wp-content\/uploads\/2018\/08\/louis-pasteur.jpg 500w, https:\/\/www.ilkkimbuldu.com\/wp-content\/uploads\/2018\/08\/louis-pasteur-300x180.jpg 300w\" sizes=\"(max-width: 500px) 100vw, 500px\" \/><\/p>\n<p>Louis Pasteur, baz\u0131 molek\u00fcllerin ayna g\u00f6r\u00fcnt\u00fclerine sahip oldu\u011funu ke\u015ffetti. Bunlar, bir kimyasal bile\u015fi\u011fin sol ve sa\u011f el versiyonlar\u0131 olarak tan\u0131mlanabilir.\u00a0Biyolojide spontan nesil kavram\u0131n\u0131 yani kurt\u00e7uklar\u0131n ette kendili\u011finden ortaya \u00e7\u0131kt\u0131\u011f\u0131 fikrini sonsuza dek y\u0131kt\u0131.<\/p>\n<h4>Louis Pasteur&#8217;\u00fcn icatlar\u0131<\/h4>\n<p>Pasteur past\u00f6rizasyon s\u00fcrecini icat etti ve 1862&#8217;de patentini ald\u0131.\u00a0Past\u00f6rizasyon i\u015flemi s\u00fct, \u015farap ve bira gibi \u00fcr\u00fcnler, 60 ila 100 \u00b0C aras\u0131ndaki bir s\u0131cakl\u0131kta \u0131s\u0131t\u0131l\u0131r ve bu da bozulmalar\u0131na neden olabilecek mikroorganizmalar\u0131 \u00f6ld\u00fcr\u00fcr.<\/p>\n<h3>William Thomson (1824 &#8211; 1907)<\/h3>\n<p><img loading=\"lazy\" decoding=\"async\" class=\"alignnone size-full wp-image-11735\" src=\"http:\/\/www.ilkkimbuldu.com\/wp-content\/uploads\/2018\/08\/lord-kelvin.jpg\" alt=\"\" width=\"500\" height=\"350\" srcset=\"https:\/\/www.ilkkimbuldu.com\/wp-content\/uploads\/2018\/08\/lord-kelvin.jpg 500w, https:\/\/www.ilkkimbuldu.com\/wp-content\/uploads\/2018\/08\/lord-kelvin-300x210.jpg 300w\" sizes=\"(max-width: 500px) 100vw, 500px\" \/><\/p>\n<p>Di\u011fer ad\u0131yla <strong>Lord Kelvin<\/strong>, termodinami\u011fin ilk iki yasas\u0131n\u0131 sistemle\u015ftirdi ve s\u0131f\u0131r\u0131n mutlak s\u0131cakl\u0131\u011f\u0131n\u0131n -273.15 \u00b0 C oldu\u011funu \u00e7\u0131kard\u0131. S\u0131cakl\u0131k birimine\u00a0Kelvin ad\u0131n\u0131n verilmesi ile onurland\u0131r\u0131ld\u0131. Kelvin \u00f6l\u00e7e\u011finde, mutlak s\u0131f\u0131r 0 Kelvin&#8217;de bulunmaktad\u0131r.<\/p>\n<h4>William Thomson&#8217;\u0131n icatlar\u0131<\/h4>\n<p>Fizik profes\u00f6r\u00fc olarak \u00e7al\u0131\u015fmalar\u0131n\u0131n yan\u0131nda, o da di\u011ferleri gibi bir mucittir. Transatlantik telgraf sinyallerinin ilerilmesinde kullan\u0131lmak \u00fczere denizalt\u0131na kablo d\u00f6\u015fenmesini sa\u011flayacak bir alet icat etti ve patentini ald\u0131.<\/p>\n<h3>William Crookes (1832 \u2013 1919)<\/h3>\n<p><img loading=\"lazy\" decoding=\"async\" class=\"alignnone size-full wp-image-11736\" src=\"http:\/\/www.ilkkimbuldu.com\/wp-content\/uploads\/2018\/08\/william-crookes.jpg\" alt=\"\" width=\"500\" height=\"360\" srcset=\"https:\/\/www.ilkkimbuldu.com\/wp-content\/uploads\/2018\/08\/william-crookes.jpg 500w, https:\/\/www.ilkkimbuldu.com\/wp-content\/uploads\/2018\/08\/william-crookes-300x216.jpg 300w\" sizes=\"(max-width: 500px) 100vw, 500px\" \/><\/p>\n<p>William Crookes talyum elementini ke\u015ffetti.<\/p>\n<h4>William Crookes&#8217;\u0131n icatlar\u0131<\/h4>\n<p>1875 y\u0131l\u0131nda, katot \u0131\u015f\u0131nlar\u0131 \u00fcretmek i\u00e7in bir elektrik de\u015farj t\u00fcp\u00fc olan Crookes t\u00fcp\u00fcn\u00fc icat etti. G\u00fcn\u00fcm\u00fczde katot \u0131\u015f\u0131nlar\u0131n\u0131n bir elektron ak\u0131\u015f\u0131 oldu\u011funu biliyoruz. Crookes, katot \u0131\u015f\u0131nlar\u0131n\u0131n negatif y\u00fckl\u00fc par\u00e7ac\u0131klardan olu\u015ftu\u011funu kan\u0131tlamak i\u00e7in manyetik alanlar kulland\u0131.<\/p>\n<h3>Wilhelm R\u00f6ntgen (1845 \u2013 1923)<\/h3>\n<p><img loading=\"lazy\" decoding=\"async\" class=\"alignnone size-full wp-image-11737\" src=\"http:\/\/www.ilkkimbuldu.com\/wp-content\/uploads\/2018\/08\/wilhelm-roentgen.jpg\" alt=\"\" width=\"500\" height=\"336\" srcset=\"https:\/\/www.ilkkimbuldu.com\/wp-content\/uploads\/2018\/08\/wilhelm-roentgen.jpg 500w, https:\/\/www.ilkkimbuldu.com\/wp-content\/uploads\/2018\/08\/wilhelm-roentgen-300x202.jpg 300w\" sizes=\"(max-width: 500px) 100vw, 500px\" \/><\/p>\n<p>Wilhelm R\u00f6ntgen fizik profes\u00f6r\u00fcyd\u00fc. X-\u0131\u015f\u0131nlar\u0131 ke\u015ffi i\u00e7in 1901 y\u0131l\u0131nda Fizik ilk Nobel \u00f6d\u00fcl\u00fc ald\u0131.<\/p>\n<h4>Wilhelm R\u00f6ntgen&#8217;in icatlar\u0131<\/h4>\n<p>Ke\u015ffinden iki hafta sonra X-\u0131\u015f\u0131nlar\u0131 \u00fcreten X-\u0131\u015f\u0131nlar\u0131 ile foto\u011fraf \u00e7eken cihaz\u0131 yani\u00a0<a href=\"http:\/\/www.ilkkimbuldu.com\/rontgeni-kim-buldu\/\">R\u00f6ntgen Cihaz\u0131n\u0131\u00a0 icat etti<\/a>. \u0130lk X-\u0131\u015f\u0131n\u0131 foto\u011fraf\u0131 kar\u0131s\u0131n\u0131n elindeki kemikleri g\u00f6steren foto\u011fraf oldu.<\/p>\n<p>\u00c7al\u0131\u015ft\u0131\u011f\u0131 \u00fcniversite olan W\u00fcrzburg \u00dcniversitesi, X-\u0131\u015f\u0131nlar\u0131n\u0131n kemik yaralanmalar\u0131 ve hastal\u0131klar\u0131n\u0131n te\u015fhisini ne kadar kolayla\u015ft\u0131raca\u011f\u0131n\u0131 fark etti\u011finde, Wilhelm R\u00f6ntgen&#8217;e t\u0131pta fahri doktora \u00fcnvan\u0131n\u0131 verdi.<\/p>\n<h3>Santiago Ramon y Cajal (1852 &#8211; 1934)<\/h3>\n<p><img loading=\"lazy\" decoding=\"async\" class=\"alignnone size-full wp-image-11738\" src=\"http:\/\/www.ilkkimbuldu.com\/wp-content\/uploads\/2018\/08\/santiago-ramon-y-cajal.jpg\" alt=\"\" width=\"430\" height=\"347\" srcset=\"https:\/\/www.ilkkimbuldu.com\/wp-content\/uploads\/2018\/08\/santiago-ramon-y-cajal.jpg 430w, https:\/\/www.ilkkimbuldu.com\/wp-content\/uploads\/2018\/08\/santiago-ramon-y-cajal-300x242.jpg 300w\" sizes=\"(max-width: 430px) 100vw, 430px\" \/><\/p>\n<p>Santiago Ram\u00f3n y cajal sinirbiliminin babas\u0131d\u0131r. 1906 y\u0131l\u0131nda n\u00f6ron Doktrini i\u00e7in Nobel Fizyoloji\/T\u0131p \u00d6d\u00fcl\u00fc&#8217;n\u00fc kazand\u0131.<\/p>\n<h4>Ram\u00f3n y Cajal icatlar\u0131<\/h4>\n<p>Bir foto\u011fraf \u00e7ekmek i\u00e7in birka\u00e7 dakika boyunca beklenmesi ve poz verilmesi gerekiyordu bir zamanda, Ram\u00f3n y Cajal, foto\u011fraf \u00e7ekimi i\u015flemini sadece \u00fc\u00e7 saniyelik bir pozlama s\u00fcresine indiren yeni bir s\u00fcre\u00e7 icat etti.<\/p>\n<p>\u0130cad\u0131na patent almaya gitti\u011finde Ne yaz\u0131k ki, Thomas Edison&#8217;un ondan \u00f6nce patent merkezine gitti\u011fini ve kendisinin icad\u0131na \u00e7ok benzer bir s\u00fcreci patentledi\u011fini \u00f6\u011frendi!<\/p>\n<h3><a href=\"http:\/\/www.ilkkimbuldu.com\/pierre-curie-kimdir\/\">Pierre Curie<\/a>\u00a0(1859 &#8211; 1906)<\/h3>\n<p><img loading=\"lazy\" decoding=\"async\" class=\"alignnone size-full wp-image-11739\" src=\"http:\/\/www.ilkkimbuldu.com\/wp-content\/uploads\/2018\/08\/pierre-curie.jpg\" alt=\"pierre-curie\" width=\"500\" height=\"372\" srcset=\"https:\/\/www.ilkkimbuldu.com\/wp-content\/uploads\/2018\/08\/pierre-curie.jpg 500w, https:\/\/www.ilkkimbuldu.com\/wp-content\/uploads\/2018\/08\/pierre-curie-300x223.jpg 300w\" sizes=\"(max-width: 500px) 100vw, 500px\" \/><\/p>\n<p>Pierre Curie, e\u015fi <a href=\"http:\/\/www.ilkkimbuldu.com\/marie-curie-kimdir\/\">Marie Curie<\/a> ve Henri Becquerel ile birlikte radyoaktivite ke\u015fifleri nedeniyle 1903 Nobel Fizik \u00d6d\u00fcl\u00fc&#8217;n\u00fc\u00a0 ald\u0131.<\/p>\n<h4>Pierre Curie&#8217;nin icatlar\u0131<\/h4>\n<p>On y\u0131l \u00f6nce, 1880&#8217;de Pierre Curie ve karde\u015fi Jacques piezoelektri\u011fi ke\u015ffetti.<\/p>\n<p>Pierre ve Jacques daha sonra elektrik y\u00fck\u00fcn\u00fc alg\u0131layan ve \u00f6l\u00e7en piezoelektrik kuvars elektrometresini icat ettiler.<\/p>\n<p>\u0130lgin\u00e7 bir \u015fekilde, Pierre ve Marie&#8217;nin Nobel \u00f6d\u00fcll\u00fc \u00e7al\u0131\u015fmas\u0131 piezoelektrik kuvars elektrometresi Pierre ve Jacques kullan\u0131larak yap\u0131lan \u00f6l\u00e7\u00fcmlere ba\u011fl\u0131yd\u0131.<\/p>\n<h3>Henry Moseley (1887 \u2013 1915)<\/h3>\n<p><img loading=\"lazy\" decoding=\"async\" class=\"alignnone size-full wp-image-11740\" src=\"http:\/\/www.ilkkimbuldu.com\/wp-content\/uploads\/2018\/08\/henry-moseley.jpg\" alt=\"\" width=\"500\" height=\"218\" srcset=\"https:\/\/www.ilkkimbuldu.com\/wp-content\/uploads\/2018\/08\/henry-moseley.jpg 500w, https:\/\/www.ilkkimbuldu.com\/wp-content\/uploads\/2018\/08\/henry-moseley-300x131.jpg 300w\" sizes=\"(max-width: 500px) 100vw, 500px\" \/><\/p>\n<p>Henry Moseley&#8217;nin bilimsel kariyeri gen\u00e7 ya\u015fta trajik bir \u015fekilde \u00f6l\u00fcm\u00fc ile sona erdi.<\/p>\n<h3>Henry Moseley&#8217;in icatlar\u0131<\/h3>\n<p>\u00d6lmeden \u00f6nce, periyodik tablonun ger\u00e7ek temelini ke\u015ffetti ve 1912&#8217;de atomik pili icat etti. Atomik piller art\u0131k uzay arac\u0131 ve <a href=\"http:\/\/www.ilkkimbuldu.com\/kalp-pilini-kim-buldu\/\">kalp pili<\/a> gibi uzun pil \u00f6mr\u00fcn\u00fcn gerekli oldu\u011fu durumlarda kullanmaktad\u0131r.<\/p>\n<h3>Luis Alvarez (1911 &#8211; 1988)<\/h3>\n<p><img loading=\"lazy\" decoding=\"async\" class=\"alignnone size-full wp-image-11741\" src=\"http:\/\/www.ilkkimbuldu.com\/wp-content\/uploads\/2018\/08\/luis-alvarez.jpg\" alt=\"luis-alvarez\" width=\"500\" height=\"348\" srcset=\"https:\/\/www.ilkkimbuldu.com\/wp-content\/uploads\/2018\/08\/luis-alvarez.jpg 500w, https:\/\/www.ilkkimbuldu.com\/wp-content\/uploads\/2018\/08\/luis-alvarez-300x209.jpg 300w\" sizes=\"(max-width: 500px) 100vw, 500px\" \/><\/p>\n<p>Luis Alvarez iridyum tabakas\u0131n\u0131 ve d\u00fcnya \u00fczerindeki dinozorlar\u0131n b\u00fcy\u00fck bir g\u00f6kta\u015f\u0131 etkisinden sonra yok olmaya ba\u015flad\u0131\u011f\u0131 teorisini ortaya att\u0131\u011f\u0131 i\u00e7in \u00fcnl\u00fcd\u00fcr. 1968 Nobel fizik \u00d6d\u00fcl\u00fc&#8217;n\u00fc par\u00e7ac\u0131k fizi\u011fi \u00e7al\u0131\u015fmalar\u0131 i\u00e7in kazand\u0131.<\/p>\n<h4>Luis Alvarez&#8217;in icatlar\u0131<\/h4>\n<p>Yer m\u00fcrettebat\u0131na u\u00e7ak pozisyonlar\u0131 hakk\u0131nda \u00e7ok hassas bilgiler veren, her t\u00fcrl\u00fc k\u00f6t\u00fc hava ko\u015fullar\u0131nda hava g\u00fcvenli\u011fini \u00f6nemli \u00f6l\u00e7\u00fcde art\u0131ran ve u\u00e7aklar\u0131n g\u00fcvenli bir \u015fekilde inmelerini sa\u011flayan, bir radar t\u00fcr\u00fc olan Mikrodalga Fazl\u0131 Dizi Antenini icat etti.<\/p>\n","protected":false},"excerpt":{"rendered":"<p>Bir bilim insan\u0131, do\u011fan\u0131n s\u0131rlar\u0131n\u0131 ara\u015ft\u0131ran ki\u015fidir.\u00a0Bir mucit ise, yararl\u0131 \u00fcr\u00fcnler ve cihazlar olu\u015fturmaya \u00e7al\u0131\u015fan ki\u015fidir.\u00a0Baz\u0131 insanlar her iki \u00e7al\u0131\u015fmada da inan\u0131lmaz derecede ba\u015far\u0131l\u0131 olmu\u015ftur. \u0130\u015fte en \u00fcnl\u00fc oniki bilim&#8230;<\/p>\n","protected":false},"author":1,"featured_media":8930,"comment_status":"open","ping_status":"closed","sticky":false,"template":"","format":"standard","meta":{"footnotes":""},"categories":[3117,3105],"tags":[643,2632,1419,3147,1396,3148,3146,3055,3145,3144,3143,3142],"class_list":["post-11726","post","type-post","status-publish","format-standard","has-post-thumbnail","hentry","category-bilim-insanlari","category-icatlar","tag-alessandro-volta","tag-arsimet","tag-benjamin-franklin","tag-henry-moseley","tag-louis-pasteur","tag-luis-alvarez","tag-pierre-curie","tag-robert-hooke","tag-santiago-ramon-y-cajal","tag-wilhelm-rontgen","tag-william-crookes","tag-william-thomson"],"_links":{"self":[{"href":"https:\/\/www.ilkkimbuldu.com\/index.php?rest_route=\/wp\/v2\/posts\/11726"}],"collection":[{"href":"https:\/\/www.ilkkimbuldu.com\/index.php?rest_route=\/wp\/v2\/posts"}],"about":[{"href":"https:\/\/www.ilkkimbuldu.com\/index.php?rest_route=\/wp\/v2\/types\/post"}],"author":[{"embeddable":true,"href":"https:\/\/www.ilkkimbuldu.com\/index.php?rest_route=\/wp\/v2\/users\/1"}],"replies":[{"embeddable":true,"href":"https:\/\/www.ilkkimbuldu.com\/index.php?rest_route=%2Fwp%2Fv2%2Fcomments&post=11726"}],"version-history":[{"count":6,"href":"https:\/\/www.ilkkimbuldu.com\/index.php?rest_route=\/wp\/v2\/posts\/11726\/revisions"}],"predecessor-version":[{"id":12097,"href":"https:\/\/www.ilkkimbuldu.com\/index.php?rest_route=\/wp\/v2\/posts\/11726\/revisions\/12097"}],"wp:featuredmedia":[{"embeddable":true,"href":"https:\/\/www.ilkkimbuldu.com\/index.php?rest_route=\/wp\/v2\/media\/8930"}],"wp:attachment":[{"href":"https:\/\/www.ilkkimbuldu.com\/index.php?rest_route=%2Fwp%2Fv2%2Fmedia&parent=11726"}],"wp:term":[{"taxonomy":"category","embeddable":true,"href":"https:\/\/www.ilkkimbuldu.com\/index.php?rest_route=%2Fwp%2Fv2%2Fcategories&post=11726"},{"taxonomy":"post_tag","embeddable":true,"href":"https:\/\/www.ilkkimbuldu.com\/index.php?rest_route=%2Fwp%2Fv2%2Ftags&post=11726"}],"curies":[{"name":"wp","href":"https:\/\/api.w.org\/{rel}","templated":true}]}}