{"id":1438,"date":"2011-02-15T01:10:00","date_gmt":"2011-02-14T23:10:00","guid":{"rendered":"http:\/\/www.ilkkimbuldu.com\/?p=1438"},"modified":"2011-09-08T22:39:02","modified_gmt":"2011-09-08T20:39:02","slug":"yati-kim-buldu","status":"publish","type":"post","link":"https:\/\/www.ilkkimbuldu.com\/?p=1438","title":{"rendered":"Yat\u0131 Kim Buldu"},"content":{"rendered":"<p>Kay\u0131tlara g\u00f6re, alt\u0131 yelkenli ara\u00e7, 17 Mart 1580 g\u00fcn\u00fc, Prens I. William&#8217;m onuruna d\u00fczenlenen deniz \u015fenliklerine kat\u0131lmak \u00fczere Amsterdam liman\u0131na geldiler. Asl\u0131nda &#8220;jaght&#8221; ad\u0131 verilen k\u00fc\u00e7\u00fck ve hareketli tekneler, Portekiz&#8217; de ve Balt\u0131k Denizi&#8217;nde ticari gemilere e\u015flik etmek i\u00e7in kullan\u0131l\u0131yordu. <!--more-->Hangi tarihten itibaren dinlenme ve spor yapma amac\u0131yla kullan\u0131lmaya ba\u015fland\u0131klar\u0131 kesin olarak bilinemiyor.<\/p>\n<p>Ancak, 17. y\u00fczy\u0131lda, Amsterdam&#8217;da Donanma Kupas\u0131 yar\u0131\u015fmalar\u0131nda \u00e7e\u015fitli kar\u015f\u0131la\u015fmalar d\u00fczenlendi\u011fi ve bayraklarla komuta edilen yatlar\u0131n baz\u0131 oyunlara kat\u0131ld\u0131\u011f\u0131 biliniyor.<\/p>\n<p>Buhar g\u00fcc\u00fcyle hareket eden ilk yat ise, 1829 y\u0131l\u0131nda Thomas Assheton-Smith i\u00e7in yap\u0131lan &#8220;Menai&#8221; adl\u0131 400 tonluk teknedir. \u0130ki y\u0131l \u00f6nce, Assheton-Smith&#8217;in de kurucular\u0131 aras\u0131nda bulundu\u011fu \u0130ngiliz Kraliyet Yat Kul\u00fcb\u00fc, buharl\u0131 makine kullanan yat sahiplerinin sportmenlik anlay\u0131\u015f\u0131na ters davranm\u0131\u015f olacaklar\u0131n\u0131 ve bu nedenle kul\u00fcpten ihra\u00e7 edileceklerini kararla\u015ft\u0131rm\u0131\u015ft\u0131. Bu karar\u0131, insan haklar\u0131na bir m\u00fcdahale olarak nitelendiren Assheton-Smith, derhal Kraliyet Yat Kul\u00fcb\u00fc Y\u00f6netim Kurulu&#8217;na istifa mektubu g\u00f6nderdi ve &#8220;Menai&#8221; adl\u0131 teknenin yap\u0131m\u0131 i\u00e7in ilgililere sipari\u015fini verdi.<\/p>\n","protected":false},"excerpt":{"rendered":"<p>Kay\u0131tlara g\u00f6re, alt\u0131 yelkenli ara\u00e7, 17 Mart 1580 g\u00fcn\u00fc, Prens I. William&#8217;m onuruna d\u00fczenlenen deniz \u015fenliklerine kat\u0131lmak \u00fczere Amsterdam liman\u0131na geldiler. Asl\u0131nda &#8220;jaght&#8221; ad\u0131 verilen k\u00fc\u00e7\u00fck ve hareketli tekneler, Portekiz&#8217;&#8230;<\/p>\n","protected":false},"author":1,"featured_media":0,"comment_status":"closed","ping_status":"closed","sticky":false,"template":"","format":"standard","meta":{"footnotes":""},"categories":[24],"tags":[962,963,755],"class_list":["post-1438","post","type-post","status-publish","format-standard","hentry","category-gezi","tag-gemi","tag-tekne","tag-yat"],"_links":{"self":[{"href":"https:\/\/www.ilkkimbuldu.com\/index.php?rest_route=\/wp\/v2\/posts\/1438"}],"collection":[{"href":"https:\/\/www.ilkkimbuldu.com\/index.php?rest_route=\/wp\/v2\/posts"}],"about":[{"href":"https:\/\/www.ilkkimbuldu.com\/index.php?rest_route=\/wp\/v2\/types\/post"}],"author":[{"embeddable":true,"href":"https:\/\/www.ilkkimbuldu.com\/index.php?rest_route=\/wp\/v2\/users\/1"}],"replies":[{"embeddable":true,"href":"https:\/\/www.ilkkimbuldu.com\/index.php?rest_route=%2Fwp%2Fv2%2Fcomments&post=1438"}],"version-history":[{"count":4,"href":"https:\/\/www.ilkkimbuldu.com\/index.php?rest_route=\/wp\/v2\/posts\/1438\/revisions"}],"predecessor-version":[{"id":1806,"href":"https:\/\/www.ilkkimbuldu.com\/index.php?rest_route=\/wp\/v2\/posts\/1438\/revisions\/1806"}],"wp:attachment":[{"href":"https:\/\/www.ilkkimbuldu.com\/index.php?rest_route=%2Fwp%2Fv2%2Fmedia&parent=1438"}],"wp:term":[{"taxonomy":"category","embeddable":true,"href":"https:\/\/www.ilkkimbuldu.com\/index.php?rest_route=%2Fwp%2Fv2%2Fcategories&post=1438"},{"taxonomy":"post_tag","embeddable":true,"href":"https:\/\/www.ilkkimbuldu.com\/index.php?rest_route=%2Fwp%2Fv2%2Ftags&post=1438"}],"curies":[{"name":"wp","href":"https:\/\/api.w.org\/{rel}","templated":true}]}}