{"id":1454,"date":"2011-01-13T01:34:47","date_gmt":"2011-01-12T23:34:47","guid":{"rendered":"http:\/\/www.ilkkimbuldu.com\/?p=1454"},"modified":"2018-02-26T01:37:26","modified_gmt":"2018-02-25T23:37:26","slug":"gunes-saatini-kim-buldu","status":"publish","type":"post","link":"https:\/\/www.ilkkimbuldu.com\/?p=1454","title":{"rendered":"G\u00fcne\u015f Saatini kim buldu"},"content":{"rendered":"<p>G\u00fcne\u015f saati, G\u00fcne\u015f \u0131\u015f\u0131nlar\u0131n\u0131n bir cisimde meydana getirdi\u011fi g\u00f6lgelerden faydalanarak g\u00fcn\u00fcn k\u0131s\u0131mlar\u0131n\u0131 bulan d\u00fczenektir. G\u00fcne\u015f saatinin ilk modeli topra\u011fa \u00e7ak\u0131lan bir odun par\u00e7as\u0131ndan ba\u015fka bir \u015fey de\u011fildi. \u0130lk defa d\u00fc\u015fey olarak d\u00fczenlenen bir \u00e7ubuk \u015feklinde kullan\u0131lm\u0131\u015f ve g\u00f6lge uzunlu\u011funa g\u00f6re g\u00fcn\u00fcn zaman\u0131 tesbit edilmi\u015ftir.<\/p>\n<p>G\u00fcn\u00fcm\u00fcze kadar ula\u015fabilen en eski g\u00fcne\u015f saati ise, M\u0131s\u0131rl\u0131lara ait olup, M.\u00d6. 800 y\u0131llar\u0131ndan kalmad\u0131r. Bu uzun bir ta\u015f s\u00fctunun \u00e7evresindeki alt\u0131 i\u015faretten olu\u015fuyordu. Sabahleyin do\u011fuya, ak\u015fam olunca da bat\u0131ya \u00e7evrilen ta\u015f\u0131n i\u015faretli ucunun d\u00fc\u015f\u00fcrd\u00fc\u011f\u00fc g\u00f6lgelerin yard\u0131m\u0131yla, zaman belirleniyor.<\/p>\n<p>Eski Yunanda de\u011fi\u015fik g\u00fcne\u015f saatleri kullan\u0131lm\u0131\u015ft\u0131r. Pergal\u0131 Apollonius (M.\u00d6. 250) konik kesit kullanarak daha da hassas <a title=\"Saati kim buldu\" href=\"http:\/\/www.ilkkimbuldu.com\/saati-kim-buldu\/\">saat <\/a>elde etmi\u015ftir. Ptolemi ise kurdu\u011fu d\u00fczende g\u00f6lgeleri \u00e7e\u015fitli e\u011fik d\u00fczlemlerde g\u00f6sterir saat geli\u015ftirmi\u015ftir. Atina\u2019daki bir kulede M.\u00d6. 100 y\u0131l\u0131ndan kalma sekiz g\u00fcne\u015f saati bulunmaktad\u0131r. Roma\u2019da ise M.\u00d6. 290\u2019da ilk g\u00fcne\u015f saati ortaya \u00e7\u0131km\u0131\u015ft\u0131r.<\/p>\n<p>Babilliler, Yunanl\u0131lar ve Araplar taraf\u0131ndan de\u011fi\u015fik bi\u00e7imlerde yap\u0131lan g\u00fcne\u015f saatleri, 14. y\u00fczy\u0131ldan itibaren Avrupa&#8217;da kiliselerin ve b\u00fcy\u00fck binalar\u0131n \u00fczerlerinde de g\u00f6r\u00fclmeye ba\u015fland\u0131. Hatta daha sonralar\u0131 da pek g\u00fcvenilemeyen saatlerin ayarlar\u0131n\u0131n yap\u0131labilmesi i\u00e7in kullan\u0131ld\u0131.<\/p>\n<p>R\u00f6nesansla g\u00fcne\u015f saati yayg\u0131nla\u015ft\u0131. Ancak 19. y\u00fczy\u0131ldan \u00eetib\u00e2ren s\u00fcs olmaktan ileri gitmemi\u015ftir. G\u00fcne\u015f saatinin \u00e7al\u0131\u015fma prensibi, g\u00fcne\u015fin g\u00f6kteki hareketi ile ilgilidir. Bu g\u00f6r\u00fcn\u00fcr hareket d\u00fcnyan\u0131n kendi ve g\u00fcne\u015f etraf\u0131ndaki d\u00f6n\u00fc\u015f\u00fc ile ilgilidir. Ancak, g\u00fcne\u015f saatinin hassasl\u0131\u011f\u0131 i\u00e7in g\u00f6z\u00f6n\u00fcne al\u0131nmas\u0131 gereken ba\u015fka \u00fc\u00e7 tesir daha vard\u0131r: Bunlardan ilki, d\u00fcnyan\u0131n g\u00fcne\u015fi odak kabul ederek\u00a0hareket etmesi; ikincisi, y\u00f6r\u00fcngenin elips olmas\u0131 ve \u00fc\u00e7\u00fcnc\u00fcs\u00fc, d\u00fcny\u00e2n\u0131n d\u00f6nme ekseninin e\u011fik olmas\u0131d\u0131r.<\/p>\n","protected":false},"excerpt":{"rendered":"<p>G\u00fcne\u015f saati, G\u00fcne\u015f \u0131\u015f\u0131nlar\u0131n\u0131n bir cisimde meydana getirdi\u011fi g\u00f6lgelerden faydalanarak g\u00fcn\u00fcn k\u0131s\u0131mlar\u0131n\u0131 bulan d\u00fczenektir. G\u00fcne\u015f saatinin ilk modeli topra\u011fa \u00e7ak\u0131lan bir odun par\u00e7as\u0131ndan ba\u015fka bir \u015fey de\u011fildi. \u0130lk defa d\u00fc\u015fey&#8230;<\/p>\n","protected":false},"author":1,"featured_media":10125,"comment_status":"closed","ping_status":"closed","sticky":false,"template":"","format":"standard","meta":{"footnotes":""},"categories":[92],"tags":[972,765,708],"class_list":["post-1454","post","type-post","status-publish","format-standard","has-post-thumbnail","hentry","category-bilim","tag-gunes","tag-gunes-saati","tag-saat"],"_links":{"self":[{"href":"https:\/\/www.ilkkimbuldu.com\/index.php?rest_route=\/wp\/v2\/posts\/1454"}],"collection":[{"href":"https:\/\/www.ilkkimbuldu.com\/index.php?rest_route=\/wp\/v2\/posts"}],"about":[{"href":"https:\/\/www.ilkkimbuldu.com\/index.php?rest_route=\/wp\/v2\/types\/post"}],"author":[{"embeddable":true,"href":"https:\/\/www.ilkkimbuldu.com\/index.php?rest_route=\/wp\/v2\/users\/1"}],"replies":[{"embeddable":true,"href":"https:\/\/www.ilkkimbuldu.com\/index.php?rest_route=%2Fwp%2Fv2%2Fcomments&post=1454"}],"version-history":[{"count":8,"href":"https:\/\/www.ilkkimbuldu.com\/index.php?rest_route=\/wp\/v2\/posts\/1454\/revisions"}],"predecessor-version":[{"id":9707,"href":"https:\/\/www.ilkkimbuldu.com\/index.php?rest_route=\/wp\/v2\/posts\/1454\/revisions\/9707"}],"wp:featuredmedia":[{"embeddable":true,"href":"https:\/\/www.ilkkimbuldu.com\/index.php?rest_route=\/wp\/v2\/media\/10125"}],"wp:attachment":[{"href":"https:\/\/www.ilkkimbuldu.com\/index.php?rest_route=%2Fwp%2Fv2%2Fmedia&parent=1454"}],"wp:term":[{"taxonomy":"category","embeddable":true,"href":"https:\/\/www.ilkkimbuldu.com\/index.php?rest_route=%2Fwp%2Fv2%2Fcategories&post=1454"},{"taxonomy":"post_tag","embeddable":true,"href":"https:\/\/www.ilkkimbuldu.com\/index.php?rest_route=%2Fwp%2Fv2%2Ftags&post=1454"}],"curies":[{"name":"wp","href":"https:\/\/api.w.org\/{rel}","templated":true}]}}