{"id":151,"date":"2010-12-19T11:57:54","date_gmt":"2010-12-19T09:57:54","guid":{"rendered":"http:\/\/www.imaxi.net\/?p=151"},"modified":"2018-02-28T16:27:39","modified_gmt":"2018-02-28T14:27:39","slug":"krikoyu-kim-buldu","status":"publish","type":"post","link":"https:\/\/www.ilkkimbuldu.com\/?p=151","title":{"rendered":"Krikoyu kim buldu"},"content":{"rendered":"<p>Frans\u0131z mimar <strong>Villard de Honnecourt<\/strong>, 1250 y\u0131l\u0131nda yapt\u0131\u011f\u0131 baz\u0131 \u00e7izimlerde, krikonun o d\u00f6nemde kullan\u0131ld\u0131\u011f\u0131na ili\u015fkin ipu\u00e7lar\u0131 verdi. S\u0131radan bir insan\u0131n normal g\u00fcc\u00fcyle \u00e7ok b\u00fcy\u00fck a\u011f\u0131rl\u0131klar\u0131n kolayca kald\u0131r\u0131lmas\u0131n\u0131 sa\u011flayan bu yararl\u0131 ayg\u0131t, kolunun elle hareket ettirilmesi sonucu \u00e7al\u0131\u015f\u0131yor ve o y\u0131llar\u0131n mimarisinde, \u00e7ok a\u011f\u0131r par\u00e7alar\u0131n, \u00f6rne\u011fin b\u00fcy\u00fck kap\u0131lar\u0131n, yerlerine tak\u0131lmas\u0131 s\u0131ras\u0131nda b\u00fcy\u00fck \u00f6l\u00e7\u00fcde yard\u0131mc\u0131 oluyordu.<\/p>\n<p><b>Kriko<\/b>, a\u011f\u0131r y\u00fckleri k\u0131sa mesafelere kald\u0131rmakta, y\u00fcksek bas\u0131n\u00e7 uygulamakta ve \u00e7e\u015fitli par\u00e7alardan olu\u015fan malzemeleri desteklemekte kullan\u0131lan ve \u00e7o\u011funlukla elle \u00e7al\u0131\u015ft\u0131r\u0131lan ayg\u0131t.<\/p>\n<p>Krikolar kald\u0131ra\u00e7 ilkesine dayal\u0131 olarak, hidrolik etkiyle ya da kremayer-pinyon mekanizmas\u0131 (vida sistemi) uyar\u0131nca \u00e7al\u0131\u015f\u0131r. \u00c7o\u011fu kriko elle ta\u015f\u0131nabilir boyutta ve hafiflikte olmakla birlikte binlerce ton a\u011f\u0131rl\u0131\u011f\u0131 kald\u0131rabilen krikolar da vard\u0131r. Krikonun en yayg\u0131n \u00f6rne\u011fi, otomobillerde lastik de\u011fi\u015ftirebilmek i\u00e7in arac\u0131n bir b\u00f6l\u00fcm\u00fcn\u00fc yukar\u0131 kald\u0131rmakta kullan\u0131lan otomobil krikosudur.<\/p>\n","protected":false},"excerpt":{"rendered":"<p>Frans\u0131z mimar Villard de Honnecourt, 1250 y\u0131l\u0131nda yapt\u0131\u011f\u0131 baz\u0131 \u00e7izimlerde, krikonun o d\u00f6nemde kullan\u0131ld\u0131\u011f\u0131na ili\u015fkin ipu\u00e7lar\u0131 verdi. S\u0131radan bir insan\u0131n normal g\u00fcc\u00fcyle \u00e7ok b\u00fcy\u00fck a\u011f\u0131rl\u0131klar\u0131n kolayca kald\u0131r\u0131lmas\u0131n\u0131 sa\u011flayan bu yararl\u0131&#8230;<\/p>\n","protected":false},"author":1,"featured_media":10447,"comment_status":"closed","ping_status":"closed","sticky":false,"template":"","format":"standard","meta":{"footnotes":""},"categories":[92],"tags":[147,132],"class_list":["post-151","post","type-post","status-publish","format-standard","has-post-thumbnail","hentry","category-bilim","tag-kaldirac","tag-kriko"],"_links":{"self":[{"href":"https:\/\/www.ilkkimbuldu.com\/index.php?rest_route=\/wp\/v2\/posts\/151"}],"collection":[{"href":"https:\/\/www.ilkkimbuldu.com\/index.php?rest_route=\/wp\/v2\/posts"}],"about":[{"href":"https:\/\/www.ilkkimbuldu.com\/index.php?rest_route=\/wp\/v2\/types\/post"}],"author":[{"embeddable":true,"href":"https:\/\/www.ilkkimbuldu.com\/index.php?rest_route=\/wp\/v2\/users\/1"}],"replies":[{"embeddable":true,"href":"https:\/\/www.ilkkimbuldu.com\/index.php?rest_route=%2Fwp%2Fv2%2Fcomments&post=151"}],"version-history":[{"count":5,"href":"https:\/\/www.ilkkimbuldu.com\/index.php?rest_route=\/wp\/v2\/posts\/151\/revisions"}],"predecessor-version":[{"id":10448,"href":"https:\/\/www.ilkkimbuldu.com\/index.php?rest_route=\/wp\/v2\/posts\/151\/revisions\/10448"}],"wp:featuredmedia":[{"embeddable":true,"href":"https:\/\/www.ilkkimbuldu.com\/index.php?rest_route=\/wp\/v2\/media\/10447"}],"wp:attachment":[{"href":"https:\/\/www.ilkkimbuldu.com\/index.php?rest_route=%2Fwp%2Fv2%2Fmedia&parent=151"}],"wp:term":[{"taxonomy":"category","embeddable":true,"href":"https:\/\/www.ilkkimbuldu.com\/index.php?rest_route=%2Fwp%2Fv2%2Fcategories&post=151"},{"taxonomy":"post_tag","embeddable":true,"href":"https:\/\/www.ilkkimbuldu.com\/index.php?rest_route=%2Fwp%2Fv2%2Ftags&post=151"}],"curies":[{"name":"wp","href":"https:\/\/api.w.org\/{rel}","templated":true}]}}