{"id":2246,"date":"2011-12-25T16:49:12","date_gmt":"2011-12-25T14:49:12","guid":{"rendered":"http:\/\/www.ilkkimbuldu.com\/?p=2246"},"modified":"2018-02-28T02:54:03","modified_gmt":"2018-02-28T00:54:03","slug":"elektro-gitari-kim-buldu","status":"publish","type":"post","link":"https:\/\/www.ilkkimbuldu.com\/?p=2246","title":{"rendered":"Elektro Gitar\u0131 kim buldu"},"content":{"rendered":"<p>\u0130cat edildi\u011fi g\u00fcnden beri en \u00e7ok kullan\u0131lan m\u00fczik aletlerinden birisi olan elektro gitar&#8217;\u0131n bulunu\u015fu m\u00fczikte bir devrim niteli\u011fini ta\u015f\u0131maktad\u0131r. Elektro gitar di\u011fer m\u00fczik entrumanlar\u0131 ile birlikte kullan\u0131ld\u0131\u011f\u0131nda bile ay\u0131rd edici ve g\u00fc\u00e7l\u00fc sesi sayesinde \u00f6ne \u00e7\u0131kmaktad\u0131r. Carlos Santana, Avril Lavigne ve Lenny Kravitz gibi sanat\u00e7\u0131lar, bu \u00f6nemli enstr\u00fcman\u0131n kullan\u0131m\u0131nda \u00f6ne \u00e7\u0131kan m\u00fczik ki\u015filiklerinden sadece bir ka\u00e7\u0131d\u0131r. Peki elektro gitar\u0131 kim icat etti.<\/p>\n<p>20.yy ba\u015flar\u0131nda, plak kay\u0131t teknolojilerinde h\u0131zl\u0131 bir geli\u015fme ya\u015fanmaktad\u0131r. M\u00fczik \u015firketleri, m\u00fczik dinleyicilerini sadece dinleyici olma konumundan \u00e7\u0131karmak ve m\u00fczi\u011fe aktif kat\u0131l\u0131m\u0131n\u0131 sa\u011flamak i\u00e7in bol ritimli \u015fark\u0131lara a\u011f\u0131rl\u0131k verirler. B\u00f6ylece herkesin kolayca \u00f6\u011frenebilece\u011fi basit danslar ortaya \u00e7\u0131kar ve dinleyicinin m\u00fczi\u011fe etkin bir \u015fekilde kat\u0131l\u0131m\u0131 sa\u011flan\u0131r.<\/p>\n<p>Fakat ritim duygusunu o d\u00f6nem en \u00e7ok veren davul, zil ve \u00fcflemeli \u00e7alg\u0131lar gibi g\u00fc\u00e7l\u00fc entr\u00fcmanlar aras\u0131nda gitar\u0131n sesi kaybolmaktad\u0131r. Gitar tellerinin titre\u015fimi, sadece gitar\u0131n akustik yap\u0131s\u0131yla orant\u0131l\u0131 olarak ses yaymaktad\u0131r. Bu durum grupta di\u011fer enstrumanlar\u0131n seslerin yan\u0131nda gitar sesinin duyulamams\u0131na neden olmaktad\u0131r. Ya gitarlar b\u00fcy\u00fct\u00fclecek ki o zaman da \u00e7almas\u0131 imkans\u0131zla\u015facakt\u0131r yada ba\u015fka bir \u00e7\u00f6z\u00fcm yolu gerekmektedir.<\/p>\n<p>1920&#8217;li ve 1930&#8217;lu y\u0131llarda baz\u0131 m\u00fchendis ve m\u00fczisyenler gitar sesini y\u00fckseltme ihtiyac\u0131n\u0131 gidermek i\u00e7in \u00e7al\u0131\u015fmalar yaparlar. Bu d\u00f6nem gitar tasar\u0131mlar\u0131n\u0131n en \u00f6nemlilerinden biri de <strong>Lester Polfus<\/strong> taraf\u0131ndan yap\u0131lan gitard\u0131r.<\/p>\n<p>Lester Polfus, fonograf i\u011fnesi, mikrofon veya telefon manyetiklerini gitar\u0131n g\u00f6vdesine yerle\u015ftirir; g\u00f6vdenin titre\u015fimini pikap i\u011fnesi veya mikrofonla amplikat\u00f6rlere aktar\u0131lmas\u0131 ve amplikat\u00f6rlerin de bu sesi istenilen \u00f6l\u00e7\u00fcde b\u00fcy\u00fctmesi sonucu bu elektro gitar yada daha do\u011frusu sesi elektrik yard\u0131m\u0131yla art\u0131r\u0131lm\u0131\u015f bir akustik gitar elde eder.<\/p>\n<p>Ger\u00e7ek ad\u0131 <strong>Lester William Polsfuss<\/strong> olan <strong>Les Paul<\/strong> bundan tam 96 y\u0131l \u00f6nce 9 Haziran 1915\u2032te ABD \u2019nin Wisconsin eyaletinde d\u00fcnyaya geldi. 8 ya\u015f\u0131nda armonika \u00e7alarak m\u00fczi\u011fe ba\u015flayan Les Paul bir s\u00fcre banjo \u00e7ald\u0131ktan sonra gitar kullanmaya ba\u015flad\u0131. Les Paul 13 ya\u015f\u0131nda gitarist olarak para kazanmaya ba\u015flad\u0131. D\u00f6nemin \u00fcnl\u00fc country grubu Rube Tronson\u2019s Cowboys ile turnelere kat\u0131lan Les Paul lise e\u011fitimini yar\u0131da b\u0131rakarak tamamen m\u00fczik piyasas\u0131na y\u00f6neldi.<\/p>\n<p>Les Paul 1930\u2032l\u0131 y\u0131llar\u0131n ortalar\u0131nda kendi elektro gitar\u0131n\u0131 geli\u015ftirmek i\u00e7in karar ald\u0131. 30\u2032l\u0131 y\u0131llar\u0131n elektro gitarlar\u0131 mikrofonlarla manyetik etkile\u015fim olu\u015fturup rahats\u0131z edici bir ses \u00e7\u0131karmas\u0131 Les Paul\u2019u bu aray\u0131\u015fa itti. Tasarlad\u0131\u011f\u0131 \u201cThe Log\u201d isimli gitar ilk modern elektro gitar olarak kabul ediliyor. Les Paul, m\u00fczisyen ki\u015fili\u011finin d\u0131\u015f\u0131nda mucit ki\u015fili\u011fi ile de \u00f6nemli bir sanat\u00e7\u0131d\u0131r. Les Paul, d\u00fcnyan\u0131n en pop\u00fcler gitar markas\u0131 olan Gibson ile 1950\u2032lerde geli\u015ftirdi\u011fi modeli ile t\u00fcm zamanlar\u0131n en fazla satan elektro gitar\u0131n\u0131 da geli\u015ftirmi\u015ftir. Les Paul 13 A\u011fustos 2009\u2032da, 94 ya\u015f\u0131nda hayat\u0131n\u0131 kaybetti.<\/p>\n<p>Ancak bug\u00fcn kullan\u0131lan elektrogitarlar Les Paul&#8217;\u00fcn yapt\u0131\u011f\u0131 gitarlardan farkl\u0131d\u0131r. G\u00fcn\u00fcm\u00fczde kullan\u0131lan elektro gitarlar\u0131n geli\u015fimi ve yenilikleri ile ilgili \u00e7al\u0131\u015fmalar, uzunca bir s\u00fcredir m\u00fczik enstrumanlar\u0131n\u0131n elektrifikasyonuyla ilgilenen m\u00fchendis Lloyd Loar&#8217;dan gelmi\u015ftir.<\/p>\n<p>Lloyd Loar, 1930&#8217;larda getirdi\u011fi yenilikle elektrogitarlarda bug\u00fcn kullan\u0131lan manyetiklerin basit bir \u00f6rne\u011fini yaparak tellerin alt\u0131na yerle\u015ftirir. Lloyd\u00a0Loar&#8217;\u0131n \u00e7al\u0131\u015fmas\u0131 olduk\u00e7a \u00f6nemlidir, \u00e7\u00fcnk\u00fc g\u00f6vde titre\u015fimine de\u011fil, tellerin titre\u015fimine odaklanm\u0131\u015ft\u0131r ki, bu daelektrogitarlar\u0131n bundan sonraki geli\u015fimi d\u00fc\u015f\u00fcn\u00fcld\u00fc\u011f\u00fcnde, do\u011fru bir tercih olacakt\u0131r.<\/p>\n<p>1940&#8217;lar\u0131n sonunda Fender efsanesi do\u011far. Leo Fender&#8217;in Doc Kauffman ile birlikte 1946&#8217;da kurdu\u011fu &#8220;Fender Electric Instruments Company&#8221; k\u0131sa s\u00fcre i\u00e7erisinde seri \u00fcretilebilen ilk elektrogitar\u0131 imal eder.<\/p>\n<p>Elektro gitar\u0131n mucidi Les Paul ve m\u00fczik piyasas\u0131n\u0131n Henry Ford&#8217;u olarak Leo Fender kabul edilmektedir.<\/p>\n","protected":false},"excerpt":{"rendered":"<p>\u0130cat edildi\u011fi g\u00fcnden beri en \u00e7ok kullan\u0131lan m\u00fczik aletlerinden birisi olan elektro gitar&#8217;\u0131n bulunu\u015fu m\u00fczikte bir devrim niteli\u011fini ta\u015f\u0131maktad\u0131r. Elektro gitar di\u011fer m\u00fczik entrumanlar\u0131 ile birlikte kullan\u0131ld\u0131\u011f\u0131nda bile ay\u0131rd edici&#8230;<\/p>\n","protected":false},"author":1,"featured_media":10366,"comment_status":"closed","ping_status":"closed","sticky":false,"template":"","format":"standard","meta":{"footnotes":""},"categories":[15,1],"tags":[1307,1308,1311,629,1310,1309,1312,1313],"class_list":["post-2246","post","type-post","status-publish","format-standard","has-post-thumbnail","hentry","category-eglence","category-teknoloji","tag-elektro-gitar","tag-elektrogitar","tag-fender","tag-gitar","tag-leo-fender","tag-les-paul","tag-lloyd-loar","tag-loar"],"_links":{"self":[{"href":"https:\/\/www.ilkkimbuldu.com\/index.php?rest_route=\/wp\/v2\/posts\/2246"}],"collection":[{"href":"https:\/\/www.ilkkimbuldu.com\/index.php?rest_route=\/wp\/v2\/posts"}],"about":[{"href":"https:\/\/www.ilkkimbuldu.com\/index.php?rest_route=\/wp\/v2\/types\/post"}],"author":[{"embeddable":true,"href":"https:\/\/www.ilkkimbuldu.com\/index.php?rest_route=\/wp\/v2\/users\/1"}],"replies":[{"embeddable":true,"href":"https:\/\/www.ilkkimbuldu.com\/index.php?rest_route=%2Fwp%2Fv2%2Fcomments&post=2246"}],"version-history":[{"count":5,"href":"https:\/\/www.ilkkimbuldu.com\/index.php?rest_route=\/wp\/v2\/posts\/2246\/revisions"}],"predecessor-version":[{"id":10367,"href":"https:\/\/www.ilkkimbuldu.com\/index.php?rest_route=\/wp\/v2\/posts\/2246\/revisions\/10367"}],"wp:featuredmedia":[{"embeddable":true,"href":"https:\/\/www.ilkkimbuldu.com\/index.php?rest_route=\/wp\/v2\/media\/10366"}],"wp:attachment":[{"href":"https:\/\/www.ilkkimbuldu.com\/index.php?rest_route=%2Fwp%2Fv2%2Fmedia&parent=2246"}],"wp:term":[{"taxonomy":"category","embeddable":true,"href":"https:\/\/www.ilkkimbuldu.com\/index.php?rest_route=%2Fwp%2Fv2%2Fcategories&post=2246"},{"taxonomy":"post_tag","embeddable":true,"href":"https:\/\/www.ilkkimbuldu.com\/index.php?rest_route=%2Fwp%2Fv2%2Ftags&post=2246"}],"curies":[{"name":"wp","href":"https:\/\/api.w.org\/{rel}","templated":true}]}}