{"id":2291,"date":"2012-01-03T03:18:50","date_gmt":"2012-01-03T01:18:50","guid":{"rendered":"http:\/\/www.ilkkimbuldu.com\/?p=2291"},"modified":"2016-12-26T02:09:58","modified_gmt":"2016-12-26T00:09:58","slug":"haber-ajansini-kim-buldu","status":"publish","type":"post","link":"https:\/\/www.ilkkimbuldu.com\/?p=2291","title":{"rendered":"Haber Ajans\u0131n\u0131 kim buldu, ilk haber ajans\u0131"},"content":{"rendered":"<p>haber ajans\u0131 d\u00fcnya ve \u00fclke \u00e7ap\u0131nda meydana gelen siyasi, ekonomik, ticari ve benzeri olaylar\u0131 gazete, televizyon, bas\u0131n yay\u0131n organlar\u0131\u00a0 ula\u015ft\u0131rmak i\u00e7in haber toplama i\u015flemlerini yerine getiren ve her t\u00fcrl\u00fc masraflar\u0131n\u0131 abonelerine haber satarak kar\u015f\u0131layan \u00f6zel veya yar\u0131 resmi kurulu\u015flard\u0131r. haber ajanslar\u0131 belli konularda bilgiler toplayan birer haberle\u015fme merkezidirler.\u00a0\u0130lk haber ajans\u0131 \u201cCharles Havas\u201d taraf\u0131ndan Paris\u2019te \u201cAgence Havas\u201d ad\u0131yla kurulmu\u015ftur.<\/p>\n<p>D\u00fcnyan\u0131n \u00f6nemli haber ajanslar\u0131:<\/p>\n<ul>\n<li>Amerika\u2019da, Associated Press (AP) ve United Press \u0130nternational (UPI).<\/li>\n<li>Fransa\u2019da, Agence France Press (AFP).<\/li>\n<li>\u0130ngiltere\u2019de, Press Association (Press Ass.), BBS, Reuter.<\/li>\n<li>Rusya\u2019da, Telegrafnoe Agenstvo Soyuza Soyetov (TASS).<\/li>\n<li>\u0130svi\u00e7re\u2019de, Agence Telegrafique Suisse.<\/li>\n<li>T\u00fcrkiye\u2019de, Anadolu Ajans\u0131 (AA).<\/li>\n<\/ul>\n<p><strong>T\u00fcrkiye\u2019deki \u00f6nemli haber ajanslar\u0131ndan baz\u0131lar\u0131:<\/strong><\/p>\n<p><strong>Anadolu Ajans\u0131:<\/strong> Osmanl\u0131lar\u0131n son zamanlar\u0131nda kurulan \u201cOsmanl\u0131 Telgraf Ajans\u0131\u201d ve Birinci D\u00fcnya<br \/>\nSava\u015f\u0131n\u0131n ilk y\u0131llar\u0131nda kurulan Milli Ajans\u0131n kapanmas\u0131ndan sonra 6 Nisan 1920\u2019de kurulmu\u015ftur.<br \/>\nGayesi, o zamanki kurtulu\u015f m\u00fccadelemizi ve davam\u0131z\u0131 b\u00fct\u00fcn d\u00fcnyaya anlatmakt\u0131. Bug\u00fcn ise yurt<br \/>\nd\u0131\u015f\u0131ndaki ajanslarla ilgi kurarak ald\u0131\u011f\u0131 haberleri bas\u0131n ve radyolara da\u011f\u0131tmakla g\u00f6revlidir.<br \/>\nAjans terimi geni\u015f manada de\u011fi\u015fik girdilerin te\u2019mini veya belli i\u015flerin y\u00fcr\u00fct\u00fclmesinde arac\u0131l\u0131k yapan<br \/>\nticari birimleri ifade etmek i\u00e7in de kullan\u0131l\u0131r. Bunlardan en me\u015fhuru reklam ajanslar\u0131d\u0131r. Bunlar reklam<br \/>\nverenin her t\u00fcrl\u00fc reklam i\u015flerini \u00fcstlendikleri gibi sadece haz\u0131r reklamlar\u0131n yay\u0131n organlar\u0131na<br \/>\nula\u015ft\u0131r\u0131lmas\u0131nda da arac\u0131l\u0131k yapabilirler,<\/p>\n<p><strong>Ankara Ajans\u0131:<\/strong> K\u0131saca \u201cAnka\u201d olarak bilinir. 3 Mart 1972\u2019de kurulmu\u015ftur. 1977\u2019de anonim \u015firket<br \/>\nhaline d\u00f6n\u00fc\u015fm\u00fc\u015ft\u00fcr. Yurt i\u00e7i ve yurt d\u0131\u015f\u0131nda b\u00fcrolar\u0131, temsilcilikleri vard\u0131r.<\/p>\n<p><strong>Ulusal Bas\u0131n Ajans\u0131<\/strong>: K\u0131saca \u201cUBA\u201d olarak tan\u0131n\u0131r. 11 \u015eubat 1980\u2019de kuruldu. Yurtd\u0131\u015f\u0131nda baz\u0131<br \/>\nkurulu\u015flar\u0131n T\u00fcrkiye temsilcili\u011fini yapmaktad\u0131r.<\/p>\n","protected":false},"excerpt":{"rendered":"<p>haber ajans\u0131 d\u00fcnya ve \u00fclke \u00e7ap\u0131nda meydana gelen siyasi, ekonomik, ticari ve benzeri olaylar\u0131 gazete, televizyon, bas\u0131n yay\u0131n organlar\u0131\u00a0 ula\u015ft\u0131rmak i\u00e7in haber toplama i\u015flemlerini yerine getiren ve her t\u00fcrl\u00fc masraflar\u0131n\u0131&#8230;<\/p>\n","protected":false},"author":1,"featured_media":0,"comment_status":"closed","ping_status":"closed","sticky":false,"template":"","format":"standard","meta":{"footnotes":""},"categories":[317],"tags":[1333,1334,1332],"class_list":["post-2291","post","type-post","status-publish","format-standard","hentry","category-is-dunyasi","tag-ajans","tag-haber","tag-haber-ajansi"],"_links":{"self":[{"href":"https:\/\/www.ilkkimbuldu.com\/index.php?rest_route=\/wp\/v2\/posts\/2291"}],"collection":[{"href":"https:\/\/www.ilkkimbuldu.com\/index.php?rest_route=\/wp\/v2\/posts"}],"about":[{"href":"https:\/\/www.ilkkimbuldu.com\/index.php?rest_route=\/wp\/v2\/types\/post"}],"author":[{"embeddable":true,"href":"https:\/\/www.ilkkimbuldu.com\/index.php?rest_route=\/wp\/v2\/users\/1"}],"replies":[{"embeddable":true,"href":"https:\/\/www.ilkkimbuldu.com\/index.php?rest_route=%2Fwp%2Fv2%2Fcomments&post=2291"}],"version-history":[{"count":4,"href":"https:\/\/www.ilkkimbuldu.com\/index.php?rest_route=\/wp\/v2\/posts\/2291\/revisions"}],"predecessor-version":[{"id":7314,"href":"https:\/\/www.ilkkimbuldu.com\/index.php?rest_route=\/wp\/v2\/posts\/2291\/revisions\/7314"}],"wp:attachment":[{"href":"https:\/\/www.ilkkimbuldu.com\/index.php?rest_route=%2Fwp%2Fv2%2Fmedia&parent=2291"}],"wp:term":[{"taxonomy":"category","embeddable":true,"href":"https:\/\/www.ilkkimbuldu.com\/index.php?rest_route=%2Fwp%2Fv2%2Fcategories&post=2291"},{"taxonomy":"post_tag","embeddable":true,"href":"https:\/\/www.ilkkimbuldu.com\/index.php?rest_route=%2Fwp%2Fv2%2Ftags&post=2291"}],"curies":[{"name":"wp","href":"https:\/\/api.w.org\/{rel}","templated":true}]}}