{"id":2295,"date":"2012-01-02T03:25:59","date_gmt":"2012-01-02T01:25:59","guid":{"rendered":"http:\/\/www.ilkkimbuldu.com\/?p=2295"},"modified":"2016-12-25T20:07:06","modified_gmt":"2016-12-25T18:07:06","slug":"akademiyi-kim-buldu","status":"publish","type":"post","link":"https:\/\/www.ilkkimbuldu.com\/?p=2295","title":{"rendered":"Akademi&#8217;yi kim buldu"},"content":{"rendered":"<p>Akademi fikir veya bilim adamlar\u0131n\u0131n toplanmas\u0131yla meydana gelmi\u015f topluluk veya kurulu\u015ftur. Akedom bah\u00e7esi ad\u0131 verilen, Atina yak\u0131nlar\u0131ndaki a\u011fa\u00e7l\u0131k bir yerde, <strong>Eflatun<\/strong>, talebelerine ders verirdi. Eflatun\u2019un okuluna bu sebepten <strong>Akademia<\/strong> ad\u0131 verildi. M.\u00d6. ve\u00a0M.S. 4. y\u00fczy\u0131la kadar ge\u00e7en sekiz y\u0131l boyunca, Eflatun\u2019un g\u00f6r\u00fc\u015flerine ba\u011fl\u0131 olan kurumun ad\u0131 Akademi olarak bilindi. Bizans \u0130mparatoru J\u00fcstinyen, M.S. 529 y\u0131l\u0131nda baz\u0131 pagan okullarla birlikte buray\u0131 da kapatm\u0131\u015ft\u0131r.<\/p>\n<p>Yakla\u015f\u0131k 900 y\u0131l sonra \u0130talya\u2019daki R\u00f6nesans hareketi \u00e7er\u00e7evesinde, <strong>Cosimo de Medici<\/strong> 1442\u2019de Florens\u2019de Platon Akademisini tekrar canland\u0131rd\u0131. Sadece yar\u0131m as\u0131r s\u00fcrmesine ra\u011fmen bu okul sonralar\u0131 gelecek toplumlar i\u00e7in bir \u00f6rnek te\u015fkil etmi\u015ftir. 1582\u2019de ise Florens\u2019de \u0130talyanca bir l\u00fcgat haz\u0131rlamak i\u00e7in Academia della Crusca kurulmu\u015ftur. Ayr\u0131ca 1636\u2019da Kardinal Ri\u015fliy\u00f6 taraf\u0131ndan\u00a0Paris\u2019te \u00f6nemli bir edebiyat akademisi olan Academie Fran\u00e7aise kurulmu\u015ftur.<\/p>\n<p>\u0130lmi konularla me\u015fgul olan akademilere bir \u00f6rnek de 1603\u2019te Roma\u2019da kurulan ve Galileo\u2019nun da ilk \u00fcyelerinden oldu\u011fu Academia des Linceidir. Paris\u2019te de 1666\u2019da kimyac\u0131, fizik\u00e7i, anatomist, astronom ve matematik\u00e7iler \u201cAcademie des Sciences\u201di kurmu\u015flard\u0131r. Laboratuvar ve g\u00f6zlem yeri olarak kraliyet\u00a0k\u00fct\u00fcphanesinin odalar\u0131n\u0131 kullanm\u0131\u015flard\u0131r. Buna paralel olarak \u0130ngiltere\u2019de 1662\u2019de benzer bir akademi kurulmu\u015ftur.<\/p>\n<p>G\u00fczel sanatlarla ilgili kurulan ve \u00f6nde gelen bir di\u011fer akademi ise, Roma\u2019da 1593\u2019te kurulan Saint Luke Akademisidir. Bu, daha sonra 1648\u2019de kurulan Frans\u0131z kraliyet ve \u0130ngiliz kraliyet akademilerinin bir \u00f6rne\u011fi olmu\u015ftur. 1768\u2019de Londra\u2019da baz\u0131 sanatkarlar taraf\u0131ndan \u0130ngiliz Kraliyet Akademisi kurulmu\u015ftur. Bu sanatkarlar\u0131n say\u0131s\u0131 40 olup, ressam, heykeltra\u015f ve mimarlardan meydana gelmekteydi. Ayr\u0131ca bunlar\u0131n, \u00f6nceleri 20, daha sonra 30 yard\u0131mc\u0131lar\u0131 bulunmaktayd\u0131. Bunlar\u0131n aras\u0131ndan yeni asil \u00fcyeler se\u00e7ilmekteydi. Akademinin ilk ba\u015fkan\u0131, buran\u0131n tan\u0131nmas\u0131nda b\u00fcy\u00fck gayret g\u00f6steren Sir Joshua Reynolds\u2019dur. Akademinin y\u0131ll\u0131k sergilerinde pek\u00e7ok me\u015fhur tablosunu sergilemi\u015f ve akademiye ba\u011fl\u0131 okullar kurmu\u015ftur. Bunlarda da yine ilk dersi veren 1769\u2019da kendisi olmu\u015ftur. Bu\u00a0akademide yaz sergilerine ilaveten belirli bir ressam\u0131n veya bir okulun resimlerinin sergilendi\u011fi k\u0131\u015f sergileri ihdas edilmi\u015ftir (1965\u2019te Goya Sergisi).<\/p>\n<p>Yurdumuzda da akademi kelimesi son d\u00f6nemlerde y\u00fcksek okullardan baz\u0131lar\u0131nda isim olarak yer verilmi\u015fse de bug\u00fcn\u00a0 kullan\u0131lmamaktad\u0131r.<\/p>\n<p>Akademilerin en eskisi 1848\u2019de Mekteb-i F\u00fcnun-\u0131 Harbiye-i \u015eahane ismi ile kurulan Harp Akademileridir. 1877 y\u0131l\u0131nda Mearif Naz\u0131r\u0131\u00a0 Raif Pa\u015fan\u0131n te\u015febb\u00fcs\u00fcyle sanayi-i nefise \u00f6\u011fretimi i\u00e7in bir okul a\u00e7\u0131lmas\u0131 kararla\u015ft\u0131r\u0131ld\u0131. Fakat bu okulun a\u00e7\u0131l\u0131p a\u00e7\u0131lmad\u0131\u011f\u0131, ne kadar\u00a0 devam etti\u011fi kesin olarak bilinmemektedir.<\/p>\n<p>1882 y\u0131l\u0131nda \u015fimdiki Mimar Sinan \u00dcniversitesi (Sanayi-i Nefise Mektebi) Hamdi Bey taraf\u0131ndan kuruldu. \u00d6\u011fretime 1884 Mart\u2019\u0131nda ba\u015fland\u0131. Okul, \u00f6nceleri Ticaret Nezaretine ba\u011fl\u0131yken, 1887\u2019de oradan ayr\u0131larak Mearif Nezaretine ba\u011fland\u0131. Bu okul, sanat\u00e7\u0131\u00a0 yeti\u015ftirmek maksad\u0131 ile a\u00e7\u0131lm\u0131\u015ft\u0131. \u0130lk talebeleri \u00e7ok az olup hemen hemen hepsini Rum ve Ermeniler te\u015fkil ediyordu. \u015eimdiki Eti M\u00fczesi binas\u0131nda \u00f6\u011fretime devam eden bu okulun m\u00fcd\u00fcrl\u00fc\u011f\u00fcne Hamdi Bey, \u00f6l\u00fcnce de (1910) karde\u015fi Halil Edhem Bey tayin edildi. Okul zamanla geni\u015fletilerek programlar\u0131 ve y\u00f6netmelikleri haz\u0131rland\u0131. Zamanla bulunduklar\u0131 binalar dar geldi\u011finden \u00e7e\u015fitli yerlere ta\u015f\u0131nd\u0131. Son olarak F\u0131nd\u0131kl\u0131 Sultan Saray\u0131 ve daha sonra Mebusan Meclisi olarak bilinen binaya ge\u00e7ilmi\u015ftir. Buraya ilave at\u00f6lyeleri yap\u0131lm\u0131\u015f ve\u00a0okulun ad\u0131 G\u00fczel Sanatlar Akademisi olan bu okulda; mimarl\u0131k, resim, dekoratif sanatlar ve heykel b\u00f6l\u00fcmleri yer alm\u0131\u015ft\u0131r.<\/p>\n<p>12 Eyl\u00fcl 1980\u2019den sonra T\u00fcrkiye\u2019deki akademi ve y\u00fcksek okullar, 30.3.1983 tarihli ve 2803 say\u0131l\u0131 kanunla \u00fcniversite b\u00fcnyesinde topland\u0131lar. G\u00fcn\u00fcm\u00fczde akademi ad\u0131 ta\u015f\u0131yan y\u00fcksek \u00f6\u011fretim ve e\u011fitim kurumlar\u0131; G\u00fclhane Askeri T\u0131p Akademisi, Harp Akademileri ile Polis Akademileridir. Bunlar 2803 say\u0131l\u0131 kanunun d\u0131\u015f\u0131nda kalarak e\u011fitim ve \u00f6\u011fretimine eski \u015fekilde, Akademi olarak devam\u00a0 etmektedirler.<\/p>\n","protected":false},"excerpt":{"rendered":"<p>Akademi fikir veya bilim adamlar\u0131n\u0131n toplanmas\u0131yla meydana gelmi\u015f topluluk veya kurulu\u015ftur. Akedom bah\u00e7esi ad\u0131 verilen, Atina yak\u0131nlar\u0131ndaki a\u011fa\u00e7l\u0131k bir yerde, Eflatun, talebelerine ders verirdi. Eflatun\u2019un okuluna bu sebepten Akademia ad\u0131&#8230;<\/p>\n","protected":false},"author":1,"featured_media":0,"comment_status":"closed","ping_status":"closed","sticky":false,"template":"","format":"standard","meta":{"footnotes":""},"categories":[14],"tags":[1335,1336],"class_list":["post-2295","post","type-post","status-publish","format-standard","hentry","category-egitim","tag-akademi","tag-eflatun"],"_links":{"self":[{"href":"https:\/\/www.ilkkimbuldu.com\/index.php?rest_route=\/wp\/v2\/posts\/2295"}],"collection":[{"href":"https:\/\/www.ilkkimbuldu.com\/index.php?rest_route=\/wp\/v2\/posts"}],"about":[{"href":"https:\/\/www.ilkkimbuldu.com\/index.php?rest_route=\/wp\/v2\/types\/post"}],"author":[{"embeddable":true,"href":"https:\/\/www.ilkkimbuldu.com\/index.php?rest_route=\/wp\/v2\/users\/1"}],"replies":[{"embeddable":true,"href":"https:\/\/www.ilkkimbuldu.com\/index.php?rest_route=%2Fwp%2Fv2%2Fcomments&post=2295"}],"version-history":[{"count":8,"href":"https:\/\/www.ilkkimbuldu.com\/index.php?rest_route=\/wp\/v2\/posts\/2295\/revisions"}],"predecessor-version":[{"id":6804,"href":"https:\/\/www.ilkkimbuldu.com\/index.php?rest_route=\/wp\/v2\/posts\/2295\/revisions\/6804"}],"wp:attachment":[{"href":"https:\/\/www.ilkkimbuldu.com\/index.php?rest_route=%2Fwp%2Fv2%2Fmedia&parent=2295"}],"wp:term":[{"taxonomy":"category","embeddable":true,"href":"https:\/\/www.ilkkimbuldu.com\/index.php?rest_route=%2Fwp%2Fv2%2Fcategories&post=2295"},{"taxonomy":"post_tag","embeddable":true,"href":"https:\/\/www.ilkkimbuldu.com\/index.php?rest_route=%2Fwp%2Fv2%2Ftags&post=2295"}],"curies":[{"name":"wp","href":"https:\/\/api.w.org\/{rel}","templated":true}]}}