{"id":2591,"date":"2012-12-06T02:03:38","date_gmt":"2012-12-06T00:03:38","guid":{"rendered":"http:\/\/www.ilkkimbuldu.com\/?p=2591"},"modified":"2016-12-27T02:42:02","modified_gmt":"2016-12-27T00:42:02","slug":"degirmeni-kim-buldu","status":"publish","type":"post","link":"https:\/\/www.ilkkimbuldu.com\/?p=2591","title":{"rendered":"De\u011firmeni kim buldu"},"content":{"rendered":"<p>Tah\u0131llar\u0131 \u00f6\u011f\u00fct\u00fcp un h\u00e2line getiren makina ve faaliyette\u00a0bulundu\u011fu yer. Ta\u015f ocaklar\u0131, m\u00e2den ocaklar\u0131, m\u00e2deni e\u015fya \u00eem\u00e2l\u00e2th\u00e2nelerinde kullan\u0131lan \u00e7e\u015fitleri\u00a0vard\u0131r. Kahve \u00e7ekmek i\u00e7in d\u00fckk\u00e2nlarda bulunan b\u00fcy\u00fck ve evlerde kullan\u0131lan k\u00fc\u00e7\u00fck el de\u011firmenleri de\u00a0eskiden beri bilinir. De\u011firmenin \u00e7ok eski bir m\u00e2zisi vard\u0131r. G\u00fcn\u00fcm\u00fczden y\u0131llarca (4-5 bin y\u0131l) \u00f6nce\u00a0r\u00fczg\u00e2r v\u00e2s\u0131tas\u0131yla i\u015fleyen yel de\u011firmenleri oldu\u011funu \u00e7e\u015fitli kaynaklar bildirmektedir.<\/p>\n<p>T\u00e2rihi bilgilere g\u00f6re, ilk insanlar t\u00e2neli cisimleri (bu\u011fday, arpa vs.), bilhassa ekmek yap\u0131m\u0131nda<br \/>\nkullan\u0131lan bu\u011fday\u0131, i\u00e7i oyulmu\u015f ta\u015f havanlarda d\u00f6\u011ferek \u00f6\u011f\u00fct\u00fcrlerdi. Daha sonra sert ta\u015flar\u0131 yontarak<br \/>\nde\u011firmen ta\u015flar\u0131 yap\u0131ld\u0131 ve bu\u011fday, iki silindir bi\u00e7imi olan kaya aras\u0131nda \u00f6\u011f\u00fct\u00fclmeye ba\u015flad\u0131. Bunda<br \/>\nta\u015flardan birisi yerinde s\u00e2bit olup, di\u011feri onun \u00fczerinde su kuvveti ile d\u00f6nerek \u00f6\u011f\u00fctme i\u015fini<br \/>\nyapmaktad\u0131r.<\/p>\n<p>\u00d6\u011f\u00fct\u00fclen bu\u011fdaylar un h\u00e2line gelmekte ve sonra ta\u015f\u0131n y\u00fcz\u00fcndeki yivlerin etkisiyle d\u0131\u015far\u0131<br \/>\nat\u0131lmaktad\u0131r. D\u0131\u015far\u0131 at\u0131lan un, \u00e7uvallara doldurulmaktad\u0131r. Ta\u015flar\u0131n d\u00f6nd\u00fcr\u00fclmesi yoluyla sa\u011flanan<br \/>\n\u00f6\u011f\u00fctme g\u00fcc\u00fc, de\u011firmenlerin bu metotla geli\u015fmesinin tek\u00e2m\u00fcl\u00fcn\u00fc haz\u0131rlad\u0131. Ta\u015flar\u0131n d\u00f6nmesini<br \/>\nsa\u011flamak bak\u0131m\u0131ndan da s\u0131ras\u0131yla \u00f6nce insan, sonra hayvan, daha sonra da r\u00fczg\u00e2r ve su g\u00fc\u00e7lerinden<br \/>\nistif\u00e2de edildi.<\/p>\n<p>Bug\u00fcnk\u00fc teknoloji, de\u011firmenlerin i\u015fleyi\u015fini \u00f6nce su buhar\u0131 makinalar\u0131na, sonra elektrik motorlu<br \/>\nde\u011firmen makinalar\u0131na tek\u00e2m\u00fcl ettirerek modern h\u00e2le getirdi. Bu yeni makinalar aylarca kesintisiz<br \/>\n\u00e7al\u0131\u015fabilecek kapasitede otomatik \u00e7al\u0131\u015fan ve verimi \u00e7ok olan makinalard\u0131r. Bunlarla seri \u00e7al\u0131\u015fmalar<br \/>\nyap\u0131lmakta, bug\u00fcn un de\u011firmenlerinde bu\u011fday \u00f6nce y\u0131kan\u0131p kurutulmakta, sonra k\u0131r\u0131l\u0131p ayr\u0131lmakta<br \/>\n(kefe\u011fi, o\u011fulcu\u011fu, besleyici k\u0131sm\u0131n ayr\u0131lmas\u0131), \u00f6\u011f\u00fct\u00fclerek un h\u00e2line getirilip el de\u011fmeden paketlenip<br \/>\nsat\u0131\u015f\u0131 yap\u0131lmakta ve yurdumuzda ba\u015fka \u00fclkelere de un ihr\u00e2c edilmektedir.<\/p>\n","protected":false},"excerpt":{"rendered":"<p>Tah\u0131llar\u0131 \u00f6\u011f\u00fct\u00fcp un h\u00e2line getiren makina ve faaliyette\u00a0bulundu\u011fu yer. Ta\u015f ocaklar\u0131, m\u00e2den ocaklar\u0131, m\u00e2deni e\u015fya \u00eem\u00e2l\u00e2th\u00e2nelerinde kullan\u0131lan \u00e7e\u015fitleri\u00a0vard\u0131r. Kahve \u00e7ekmek i\u00e7in d\u00fckk\u00e2nlarda bulunan b\u00fcy\u00fck ve evlerde kullan\u0131lan k\u00fc\u00e7\u00fck el de\u011firmenleri&#8230;<\/p>\n","protected":false},"author":1,"featured_media":0,"comment_status":"closed","ping_status":"closed","sticky":false,"template":"","format":"standard","meta":{"footnotes":""},"categories":[88,17],"tags":[1202],"class_list":["post-2591","post","type-post","status-publish","format-standard","hentry","category-tarim","category-yiyecek-icecek","tag-degirmen"],"_links":{"self":[{"href":"https:\/\/www.ilkkimbuldu.com\/index.php?rest_route=\/wp\/v2\/posts\/2591"}],"collection":[{"href":"https:\/\/www.ilkkimbuldu.com\/index.php?rest_route=\/wp\/v2\/posts"}],"about":[{"href":"https:\/\/www.ilkkimbuldu.com\/index.php?rest_route=\/wp\/v2\/types\/post"}],"author":[{"embeddable":true,"href":"https:\/\/www.ilkkimbuldu.com\/index.php?rest_route=\/wp\/v2\/users\/1"}],"replies":[{"embeddable":true,"href":"https:\/\/www.ilkkimbuldu.com\/index.php?rest_route=%2Fwp%2Fv2%2Fcomments&post=2591"}],"version-history":[{"count":4,"href":"https:\/\/www.ilkkimbuldu.com\/index.php?rest_route=\/wp\/v2\/posts\/2591\/revisions"}],"predecessor-version":[{"id":7636,"href":"https:\/\/www.ilkkimbuldu.com\/index.php?rest_route=\/wp\/v2\/posts\/2591\/revisions\/7636"}],"wp:attachment":[{"href":"https:\/\/www.ilkkimbuldu.com\/index.php?rest_route=%2Fwp%2Fv2%2Fmedia&parent=2591"}],"wp:term":[{"taxonomy":"category","embeddable":true,"href":"https:\/\/www.ilkkimbuldu.com\/index.php?rest_route=%2Fwp%2Fv2%2Fcategories&post=2591"},{"taxonomy":"post_tag","embeddable":true,"href":"https:\/\/www.ilkkimbuldu.com\/index.php?rest_route=%2Fwp%2Fv2%2Ftags&post=2591"}],"curies":[{"name":"wp","href":"https:\/\/api.w.org\/{rel}","templated":true}]}}