{"id":2876,"date":"2013-08-13T04:20:13","date_gmt":"2013-08-13T02:20:13","guid":{"rendered":"http:\/\/www.ilkkimbuldu.com\/?p=2876"},"modified":"2018-10-01T00:47:59","modified_gmt":"2018-09-30T22:47:59","slug":"grevi-kim-buldu","status":"publish","type":"post","link":"https:\/\/www.ilkkimbuldu.com\/?p=2876","title":{"rendered":"Grev&#8217;i kim buldu"},"content":{"rendered":"<p>Topluca ve \u00f6nceden tasarlayarak i\u015fi b\u0131rakma. Bir i\u015fe, bir\u00a0faaliyete son vermek, durdurmak. \u0130\u015f Hukukunun ve bunun getirdi\u011fi toplu s\u00f6zle\u015fme d\u00fczeninin \u00f6nemli\u00a0ara\u00e7lar\u0131ndan biridir. \u0130\u015f\u00e7ilerin, i\u015fverenin tayin etti\u011fi \u015fartlarda \u00e7al\u0131\u015fmay\u0131 reddederek toplu olarak i\u015fi\u00a0b\u0131rakmalar\u0131, grevi bir bask\u0131 unsuru h\u00e2line getirir. \u0130\u015fverenin de buna kar\u015f\u0131l\u0131k, i\u015f\u00e7ileri faaliyetten men\u00a0etme hakk\u0131, lokavt hakk\u0131 vard\u0131r.<\/p>\n<p>Bir bak\u0131ma toplu protesto hareketi olan grev, \u00e7al\u0131\u015fanlar\u0131n aralar\u0131nda anla\u015farak veya sendika gibi bir<br \/>\nkurulu\u015fun verdi\u011fi karara uyarak topluca i\u015fi b\u0131rakmalar\u0131 demektir. \u0130\u015fin topluca b\u0131rak\u0131lmas\u0131 veya<br \/>\nb\u0131rak\u0131laca\u011f\u0131 tehditi ile i\u015f\u00e7iler, i\u015fyerindeki faaliyetin tamamen veya k\u0131smen aksamas\u0131n\u0131 gaye edinirler.<br \/>\nBelli bir meslek\u00ee ama\u00e7 g\u00fcden grevler ekseriya kanun\u00ee \u00e7er\u00e7eve i\u00e7inde y\u00fcr\u00fct\u00fcl\u00fcrler.<\/p>\n<p>Grev kelimesi Frans\u0131zcadan dilimize girmi\u015ftir. Paris\u2019te i\u015f arayanlar\u0131n topluca bekledikleri meydana<br \/>\nGr\u00e8ve denir. Medeniyet t\u00e2rihinde i\u015fi b\u0131rakma hareketine piramitlerin in\u015faat\u0131nda rastlan\u0131r. Burada<br \/>\n\u00e7al\u0131\u015ft\u0131r\u0131lan i\u015f\u00e7iler, \u00fccret \u00f6demelerindeki d\u00fczensizli\u011fi, k\u00f6t\u00fc davran\u0131\u015flar\u0131 ve i\u015f kazalar\u0131n\u0131 protesto etmek<br \/>\ni\u00e7in i\u015fi b\u0131rakm\u0131\u015flard\u0131r. Roma\u2019da da \u00e7al\u0131\u015fanlar a\u011f\u0131r cezalara bir tepki olarak zaman zaman i\u015fi b\u0131rakma<br \/>\nyoluna giderlerdi. \u0130\u015f\u00e7i grevleri sanayile\u015fme hamleleriyle birlikte kendini g\u00f6sterir. Grev, \u00f6nceleri bir su\u00e7,<br \/>\nsonralar\u0131 hukuka ayk\u0131r\u0131 bir hareket olarak g\u00f6r\u00fclm\u00fc\u015f, son zamanlarda ise temel hak ve h\u00fcrriyetler<br \/>\naras\u0131nda say\u0131lmaya ba\u015flanm\u0131\u015ft\u0131r.<\/p>\n<p>Hemen hemen b\u00fct\u00fcn sanayile\u015fmi\u015f \u00fclkelerde \u00e7al\u0131\u015fanlara grev hakk\u0131 tan\u0131nmaktad\u0131r. B\u00e2z\u0131 \u00fclkelerde<br \/>\ngreve gitmeden \u00f6nce sendikal anla\u015fmazl\u0131klara \u00e7\u00f6z\u00fcm bulmak i\u00e7in belli us\u00fbller \u00f6ng\u00f6r\u00fclm\u00fc\u015ft\u00fcr. Siy\u00e2s\u00ee<br \/>\nama\u00e7l\u0131 grevlerle, kamu g\u00f6revlilerinin grev yapmalar\u0131 b\u00e2z\u0131 \u00fclkelerde yasaklanm\u0131\u015ft\u0131r. Grevle ilgili<br \/>\nhususlar, <a href=\"http:\/\/www.ilkkimbuldu.com\/ilk-anayasa\/\">anayasalar<\/a>, k\u00e2nunlar ve y\u00f6netmeliklerle d\u00fczenlenir. Japonya gibi b\u00e2z\u0131 \u00fclkelerde grevler, i\u015fi<br \/>\nve \u00fcretimi uzun s\u00fcre aksatmak i\u00e7in de\u011fil, g\u00f6steri maksad\u0131yla yap\u0131l\u0131r. B\u00e2z\u0131 Bat\u0131 Avrupa \u00fclkelerinde ise,<br \/>\ni\u015f\u00e7iler siy\u00e2s\u00ee bask\u0131 yapmak i\u00e7in greve giderler. H\u00fck\u00fcmete ve t\u00e2kip etti\u011fi siy\u00e2setlere kar\u015f\u0131 da grevler<br \/>\nd\u00fczenlendi\u011fi g\u00f6r\u00fcl\u00fcr.<\/p>\n","protected":false},"excerpt":{"rendered":"<p>Topluca ve \u00f6nceden tasarlayarak i\u015fi b\u0131rakma. Bir i\u015fe, bir\u00a0faaliyete son vermek, durdurmak. \u0130\u015f Hukukunun ve bunun getirdi\u011fi toplu s\u00f6zle\u015fme d\u00fczeninin \u00f6nemli\u00a0ara\u00e7lar\u0131ndan biridir. \u0130\u015f\u00e7ilerin, i\u015fverenin tayin etti\u011fi \u015fartlarda \u00e7al\u0131\u015fmay\u0131 reddederek toplu&#8230;<\/p>\n","protected":false},"author":1,"featured_media":0,"comment_status":"closed","ping_status":"closed","sticky":false,"template":"","format":"standard","meta":{"footnotes":""},"categories":[317],"tags":[2225],"class_list":["post-2876","post","type-post","status-publish","format-standard","hentry","category-is-dunyasi","tag-grev"],"_links":{"self":[{"href":"https:\/\/www.ilkkimbuldu.com\/index.php?rest_route=\/wp\/v2\/posts\/2876"}],"collection":[{"href":"https:\/\/www.ilkkimbuldu.com\/index.php?rest_route=\/wp\/v2\/posts"}],"about":[{"href":"https:\/\/www.ilkkimbuldu.com\/index.php?rest_route=\/wp\/v2\/types\/post"}],"author":[{"embeddable":true,"href":"https:\/\/www.ilkkimbuldu.com\/index.php?rest_route=\/wp\/v2\/users\/1"}],"replies":[{"embeddable":true,"href":"https:\/\/www.ilkkimbuldu.com\/index.php?rest_route=%2Fwp%2Fv2%2Fcomments&post=2876"}],"version-history":[{"count":3,"href":"https:\/\/www.ilkkimbuldu.com\/index.php?rest_route=\/wp\/v2\/posts\/2876\/revisions"}],"predecessor-version":[{"id":12125,"href":"https:\/\/www.ilkkimbuldu.com\/index.php?rest_route=\/wp\/v2\/posts\/2876\/revisions\/12125"}],"wp:attachment":[{"href":"https:\/\/www.ilkkimbuldu.com\/index.php?rest_route=%2Fwp%2Fv2%2Fmedia&parent=2876"}],"wp:term":[{"taxonomy":"category","embeddable":true,"href":"https:\/\/www.ilkkimbuldu.com\/index.php?rest_route=%2Fwp%2Fv2%2Fcategories&post=2876"},{"taxonomy":"post_tag","embeddable":true,"href":"https:\/\/www.ilkkimbuldu.com\/index.php?rest_route=%2Fwp%2Fv2%2Ftags&post=2876"}],"curies":[{"name":"wp","href":"https:\/\/api.w.org\/{rel}","templated":true}]}}