{"id":2895,"date":"2012-12-13T04:45:15","date_gmt":"2012-12-13T02:45:15","guid":{"rendered":"http:\/\/www.ilkkimbuldu.com\/?p=2895"},"modified":"2018-03-09T01:09:14","modified_gmt":"2018-03-08T23:09:14","slug":"guresi-kim-buldu","status":"publish","type":"post","link":"https:\/\/www.ilkkimbuldu.com\/?p=2895","title":{"rendered":"G\u00fcre\u015fi kim buldu"},"content":{"rendered":"<p>G\u00fcre\u015f iki ki\u015finin \u00f6zel bir\u00a0alanda, belirli kurallara uyarak teknik, k\u00e2biliyet ve zek\u00e2lar\u0131n\u0131 kullanarak birbirlerini yenme m\u00fcc\u00e2delesi.\u00a0T\u00e2rihte g\u00fcre\u015fle ilgilenen milletler aras\u0131nda en eskisi T\u00fcrkler olmu\u015ftur. Bu bak\u0131mdan d\u00fcny\u00e2 milletlerinin\u00a0dillerinde \u201cT\u00fcrk gibi kuvvetli!\u201d s\u00f6z\u00fc, atas\u00f6z\u00fc h\u00e2lini alm\u0131\u015ft\u0131r. T\u00e2rih\u00ee kay\u0131tlar, g\u00fcre\u015fin, Yunan ve\u00a0Romal\u0131lardan \u00f6nce T\u00fcrkler taraf\u0131ndan yap\u0131ld\u0131\u011f\u0131n\u0131 tesbit etmektedir.<\/p>\n<p>T\u00fcrk t\u00e2rihinde g\u00fcre\u015f, Orta Asya\u2019da ba\u015flam\u0131\u015f, han, hakan ve p\u00e2di\u015fahlardan erlere, k\u00f6ylerdeki\u00a0\u00e7obanlara kadar sevilerek yap\u0131lm\u0131\u015f ve g\u00fcn\u00fcm\u00fcze kadar gelmi\u015ftir. Sava\u015fta T\u00fcrk ordusunun g\u00fc\u00e7lenmesi\u00a0i\u00e7in yap\u0131lmaya ba\u015flan\u0131lan g\u00fcre\u015flere, bayram, d\u00fc\u011f\u00fcn ve \u015f\u00f6lenlerde de yer verilmi\u015f, zamanla t\u00f6re h\u00e2line<br \/>\ngelmi\u015ftir.<\/p>\n<p>Malazgirt Meydan Muh\u00e2rebesinden sonra, Anadolu\u2019ya yerle\u015fen T\u00fcrkler, burada bat\u0131 tipi g\u00fcre\u015fleri\u00a0g\u00f6rerek \u00f6\u011frenmi\u015fler ve yenilmezli\u011fin \u00f6rneklerini vermi\u015flerdir. Osmanl\u0131 Devletinin her devrinde g\u00fcre\u015f\u00a0sevilmi\u015f, bir meslek olarak p\u00e2di\u015f\u00e2hlar taraf\u0131ndan him\u00e2ye g\u00f6rm\u00fc\u015ft\u00fcr.<\/p>\n<p>F\u00e2tih Sultan Mehmed Han zam\u00e2n\u0131nda \u0130stanbul ve \u00e7evresinde g\u00fcre\u015f m\u00fcs\u00e2bakalar\u0131 d\u00fczenlendi\u011fi ve\u00a0kazanan g\u00fcre\u015f\u00e7ilere p\u00e2di\u015f\u00e2h taraf\u0131ndan bah\u015fi\u015f verildi\u011fini saray kay\u0131t defterlerinden \u00f6\u011frenmekteyiz.\u00a0\u00dc\u00e7\u00fcnc\u00fc Sultan Ahmed Han\u0131n (1703-1730) \u015eehz\u00e2deleri i\u00e7in yapt\u0131rd\u0131\u011f\u0131(1718) s\u00fcnnet d\u00fc\u011f\u00fcn\u00fcnde<br \/>\nOkmeydan\u0131\u2019nda, ba\u015fta g\u00fcre\u015f olmak \u00fczere, \u00e7e\u015fitli spor g\u00f6sterileri yap\u0131ld\u0131\u011f\u0131 bilinmektedir.\u00a0Yine 1894\u2019te Gelibolu Mevlev\u00ee \u015eeyhi Mustafa Dani\u015f Efendinin o\u011flu evlenirken d\u00fc\u011f\u00fcnde \u201c\u00e7ardak\u201d\u00a0g\u00fcre\u015fi, y\u00fcze yak\u0131n pehlivan\u0131n kat\u0131lmas\u0131yla g\u00f6r\u00fclmemi\u015f bir seyirci kitlesi \u00f6n\u00fcnde yap\u0131ld\u0131. Bu g\u00fcre\u015fte<br \/>\n\u201cba\u015f\u201d pehlivanl\u0131\u011fa Koca Yusuf, Adal\u0131 Halil, Katranc\u0131 ve Kurtdereli gibi g\u00fc\u00e7l\u00fc pehlivanlar\u0131n yan\u0131nda\u00a0\u201cba\u015falt\u0131\u201dna da Kara Ahmed ile Bursal\u0131 R\u00fcstem Pehlivan kat\u0131lm\u0131\u015flard\u0131r. Bu g\u00fcre\u015flerin ba\u015f hakemli\u011fini\u00a0\u00fcnl\u00fc pehlivanlardan Ali\u00e7o yapm\u0131\u015ft\u0131r.<\/p>\n<p>Osmanl\u0131 devlet adamlar\u0131ndan Said Halim ve Abbas Halim Pa\u015falar\u0131n deste\u011fiyle de, Hergeleci \u0130br\u00e2him\u00a0ve Kara Ahmed gibi d\u00fcny\u00e2 \u00e7ap\u0131nda me\u015fhur pehlivanlar yeti\u015fmi\u015f ve bu t\u00e2rihlerde de Kara Ahmed\u00a0d\u00fcny\u00e2 \u015fampiyonu olmu\u015ftur (1900). Osmanl\u0131 p\u00e2di\u015f\u00e2hlar\u0131ndan olan D\u00f6rd\u00fcnc\u00fc Sultan Mur\u00e2d Han ile\u00a0Sultan Abd\u00fclaz\u00eez Han \u00fcnl\u00fc birer g\u00fcre\u015f\u00e7i olarak isim yapm\u0131\u015flar ve g\u00fcre\u015f\u00e7ileri him\u00e2ye etmi\u015flerdir.<\/p>\n<p>Bug\u00fcn resm\u00ee m\u00fcs\u00e2bakalarda yeralan Serbest ve Greko-Romen g\u00fcre\u015f t\u00fcrlerinin d\u0131\u015f\u0131nda, s\u0131rf mill\u00ee\u00a0geleneklerimiz aras\u0131nda yeralan ya\u011fl\u0131 g\u00fcre\u015f ise, T\u00fcrklerin Anadolu\u2019dan Rumeli\u2019ye ge\u00e7tikleri t\u00e2rihten\u00a0beri memleketimizde yap\u0131lagelen bir g\u00fcre\u015f t\u00fcr\u00fcd\u00fcr. Bug\u00fcn, yurdumuzda ya\u011fl\u0131 g\u00fcre\u015f, d\u00fc\u011f\u00fcnlerin,<br \/>\npanay\u0131rlar\u0131n, mola veren asker\u00ee birliklerimizin en \u00f6nemli e\u011flencesidir.<\/p>\n<p>Her y\u0131l, haziran ay\u0131nda Edirne\u2019nin Sarayi\u00e7i mevkiinde yap\u0131lan tarih\u00ee K\u0131rkp\u0131nar g\u00fcre\u015fleri, S\u00fcleym\u00e2n Pa\u015fa\u00a0komutas\u0131nda, bir gece salla \u00c7anakkale Bo\u011faz\u0131n\u0131 ge\u00e7erek, Gelibolu\u2019ya \u00e7\u0131kan ve Rumeli fetihlerine\u00a0kat\u0131lan M\u00fcsl\u00fcman k\u0131rk T\u00fcrk yi\u011fidinin h\u00e2t\u0131ras\u0131n\u0131 anmak g\u00e2yesiyle yap\u0131lmaktad\u0131r.<\/p>\n","protected":false},"excerpt":{"rendered":"<p>G\u00fcre\u015f iki ki\u015finin \u00f6zel bir\u00a0alanda, belirli kurallara uyarak teknik, k\u00e2biliyet ve zek\u00e2lar\u0131n\u0131 kullanarak birbirlerini yenme m\u00fcc\u00e2delesi.\u00a0T\u00e2rihte g\u00fcre\u015fle ilgilenen milletler aras\u0131nda en eskisi T\u00fcrkler olmu\u015ftur. Bu bak\u0131mdan d\u00fcny\u00e2 milletlerinin\u00a0dillerinde \u201cT\u00fcrk gibi&#8230;<\/p>\n","protected":false},"author":1,"featured_media":11207,"comment_status":"closed","ping_status":"closed","sticky":false,"template":"","format":"standard","meta":{"footnotes":""},"categories":[23],"tags":[2136,2137],"class_list":["post-2895","post","type-post","status-publish","format-standard","has-post-thumbnail","hentry","category-spor","tag-gures","tag-gures-sporu"],"_links":{"self":[{"href":"https:\/\/www.ilkkimbuldu.com\/index.php?rest_route=\/wp\/v2\/posts\/2895"}],"collection":[{"href":"https:\/\/www.ilkkimbuldu.com\/index.php?rest_route=\/wp\/v2\/posts"}],"about":[{"href":"https:\/\/www.ilkkimbuldu.com\/index.php?rest_route=\/wp\/v2\/types\/post"}],"author":[{"embeddable":true,"href":"https:\/\/www.ilkkimbuldu.com\/index.php?rest_route=\/wp\/v2\/users\/1"}],"replies":[{"embeddable":true,"href":"https:\/\/www.ilkkimbuldu.com\/index.php?rest_route=%2Fwp%2Fv2%2Fcomments&post=2895"}],"version-history":[{"count":5,"href":"https:\/\/www.ilkkimbuldu.com\/index.php?rest_route=\/wp\/v2\/posts\/2895\/revisions"}],"predecessor-version":[{"id":11208,"href":"https:\/\/www.ilkkimbuldu.com\/index.php?rest_route=\/wp\/v2\/posts\/2895\/revisions\/11208"}],"wp:featuredmedia":[{"embeddable":true,"href":"https:\/\/www.ilkkimbuldu.com\/index.php?rest_route=\/wp\/v2\/media\/11207"}],"wp:attachment":[{"href":"https:\/\/www.ilkkimbuldu.com\/index.php?rest_route=%2Fwp%2Fv2%2Fmedia&parent=2895"}],"wp:term":[{"taxonomy":"category","embeddable":true,"href":"https:\/\/www.ilkkimbuldu.com\/index.php?rest_route=%2Fwp%2Fv2%2Fcategories&post=2895"},{"taxonomy":"post_tag","embeddable":true,"href":"https:\/\/www.ilkkimbuldu.com\/index.php?rest_route=%2Fwp%2Fv2%2Ftags&post=2895"}],"curies":[{"name":"wp","href":"https:\/\/api.w.org\/{rel}","templated":true}]}}