{"id":2904,"date":"2012-01-16T23:21:28","date_gmt":"2012-01-16T21:21:28","guid":{"rendered":"http:\/\/www.ilkkimbuldu.com\/?p=2904"},"modified":"2016-12-26T02:05:30","modified_gmt":"2016-12-26T00:05:30","slug":"haftayi-kim-buldu","status":"publish","type":"post","link":"https:\/\/www.ilkkimbuldu.com\/?p=2904","title":{"rendered":"Hafta&#8217;y\u0131 kim buldu"},"content":{"rendered":"<p>Hafta, birbirini takip eden yedi g\u00fcnden meydana gelen zaman par\u00e7as\u0131d\u0131r. Fars\u00e7ada yedi anlam\u0131na gelen hefte kelimesinden dilimize ge\u00e7mi\u015ftir. G\u00fcn, ay ve y\u0131l astronomik bir periyoda kar\u015f\u0131l\u0131k gelmekte fakat hafta astronomik bir periyoda kar\u015f\u0131l\u0131k gelmemektedir.<\/p>\n<p>Hafta kavram\u0131n\u0131n ilk defa ne zaman ve kimler taraf\u0131ndan kullan\u0131ld\u0131\u011f\u0131 bilinmemekle birlikte, M.\u00d6. 10. y\u00fczy\u0131lda Asurlular\u0131n bu \u015fekilde birbirini takip eden yedi g\u00fcnl\u00fck bir zaman par\u00e7as\u0131 kulland\u0131\u011f\u0131 anla\u015f\u0131lm\u0131\u015ft\u0131r.<\/p>\n<p>Haftan\u0131n tatil g\u00fcn\u00fc uygulamas\u0131nda dini uygulamalar \u00f6nemli olmu\u015ftur. \u0130lk hafta tatili uygulamas\u0131 \u0130braniler taraf\u0131ndan kullan\u0131lmaya ba\u015flanm\u0131\u015f ve H\u0131ristiyanlar taraf\u0131ndan da tasdik edilmi\u015ftir.<\/p>\n<p>M.S. 321 y\u0131llar\u0131nda Roma \u0130mparatoru Kostantin taraf\u0131ndan getirilen bir d\u00fczenle yedi g\u00fcnl\u00fck haftan\u0131n ba\u015flang\u0131c\u0131 olarak Pazar g\u00fcn\u00fc kabul edilmi\u015ftir.<\/p>\n<p>Hafta tatili Yahudilerce Cumartesi, H\u0131ristiyanlarca Pazar, M\u00fcsl\u00fcmanlar nezdinde ise Cuma g\u00fcn\u00fc olarak kabul edilmi\u015ftir. Memleketimizde 1926 y\u0131l\u0131na kadar hafta tatili Cuma g\u00fcn\u00fcyd\u00fc. Bu tarihte \u00e7\u0131kar\u0131lan hafta tatili ile ilgili bir kanunla bu tatil Pazar olarak kabul edildi.<\/p>\n","protected":false},"excerpt":{"rendered":"<p>Hafta, birbirini takip eden yedi g\u00fcnden meydana gelen zaman par\u00e7as\u0131d\u0131r. Fars\u00e7ada yedi anlam\u0131na gelen hefte kelimesinden dilimize ge\u00e7mi\u015ftir. G\u00fcn, ay ve y\u0131l astronomik bir periyoda kar\u015f\u0131l\u0131k gelmekte fakat hafta astronomik&#8230;<\/p>\n","protected":false},"author":1,"featured_media":0,"comment_status":"closed","ping_status":"closed","sticky":false,"template":"","format":"standard","meta":{"footnotes":""},"categories":[317,22],"tags":[1486],"class_list":["post-2904","post","type-post","status-publish","format-standard","hentry","category-is-dunyasi","category-toplum","tag-hafta"],"_links":{"self":[{"href":"https:\/\/www.ilkkimbuldu.com\/index.php?rest_route=\/wp\/v2\/posts\/2904"}],"collection":[{"href":"https:\/\/www.ilkkimbuldu.com\/index.php?rest_route=\/wp\/v2\/posts"}],"about":[{"href":"https:\/\/www.ilkkimbuldu.com\/index.php?rest_route=\/wp\/v2\/types\/post"}],"author":[{"embeddable":true,"href":"https:\/\/www.ilkkimbuldu.com\/index.php?rest_route=\/wp\/v2\/users\/1"}],"replies":[{"embeddable":true,"href":"https:\/\/www.ilkkimbuldu.com\/index.php?rest_route=%2Fwp%2Fv2%2Fcomments&post=2904"}],"version-history":[{"count":2,"href":"https:\/\/www.ilkkimbuldu.com\/index.php?rest_route=\/wp\/v2\/posts\/2904\/revisions"}],"predecessor-version":[{"id":7306,"href":"https:\/\/www.ilkkimbuldu.com\/index.php?rest_route=\/wp\/v2\/posts\/2904\/revisions\/7306"}],"wp:attachment":[{"href":"https:\/\/www.ilkkimbuldu.com\/index.php?rest_route=%2Fwp%2Fv2%2Fmedia&parent=2904"}],"wp:term":[{"taxonomy":"category","embeddable":true,"href":"https:\/\/www.ilkkimbuldu.com\/index.php?rest_route=%2Fwp%2Fv2%2Fcategories&post=2904"},{"taxonomy":"post_tag","embeddable":true,"href":"https:\/\/www.ilkkimbuldu.com\/index.php?rest_route=%2Fwp%2Fv2%2Ftags&post=2904"}],"curies":[{"name":"wp","href":"https:\/\/api.w.org\/{rel}","templated":true}]}}