{"id":3171,"date":"2012-12-13T05:23:50","date_gmt":"2012-12-13T03:23:50","guid":{"rendered":"http:\/\/www.ilkkimbuldu.com\/?p=3171"},"modified":"2017-01-06T20:28:17","modified_gmt":"2017-01-06T18:28:17","slug":"kloru-kim-buldu","status":"publish","type":"post","link":"https:\/\/www.ilkkimbuldu.com\/?p=3171","title":{"rendered":"Kloru kim buldu, kim ke\u015ffetti"},"content":{"rendered":"<p>Halojenler s\u0131n\u0131f\u0131ndan bir element. Kimy\u00e2sal sembol\u00fc\u00a0Cl\u2019dir. Tabiatta halojenlerin en \u00e7ok bulunan\u0131d\u0131r. \u0130lk defa 1774\u2019te <strong>Scheele<\/strong> taraf\u0131ndan klor\u00fcr asidinin\u00a0piroluzit ile y\u00fckseltgenmesiyle elde edildi. O zaman klora, flogistonsuz tuz asidi ad\u0131 verildi. 1810\u2019da\u00a0<strong>Davy<\/strong> taraf\u0131ndan, kimyev\u00ee bir element oldu\u011fu belirlendi ve sar\u0131 ye\u015fil anlam\u0131na gelmek \u00fczere \u201cklor\u201d diye\u00a0adland\u0131r\u0131ld\u0131.\u00a0Laboratuvarlarda klor, piroluzit ile klor\u00fcr asidinden s\u0131cakta elde edilir.<\/p>\n<h2>Klor&#8217;un \u00d6zellikleri<\/h2>\n<p>Klor, sar\u0131-ye\u015fil renkli bir gazd\u0131r. Havadan 2,5 kat daha a\u011f\u0131rd\u0131r. Klor gaz\u0131, solunum<br \/>\norganlar\u0131n\u0131 \u00e7ok k\u00f6t\u00fc \u015fekilde yaralar. Bu sebeple, Birinci D\u00fcny\u00e2 Sava\u015f\u0131 s\u0131ras\u0131nda \u00f6ld\u00fcr\u00fcc\u00fc gaz olarak<br \/>\nkullan\u0131lm\u0131\u015ft\u0131r.\u00a0Atom numaras\u0131 17, atom a\u011f\u0131rl\u0131\u011f\u0131 35,45\u2019tir. Klor molek\u00fcl\u00fc Cl2 \u015feklinde olup, \u00e7ok kararl\u0131d\u0131r.<\/p>\n<p>Klor, tabiatta yaln\u0131z volkan gazlar\u0131nda serbest halde, bunun d\u0131\u015f\u0131nda klor\u00fcrler halinde<br \/>\nbulunur. Deniz suyu b\u00fcy\u00fck oranda Cl ihtiva eder. Mesela okyanus suyunda % 2 Cl vard\u0131r. Jeolojik<br \/>\ndevirlerde denizlerin buharla\u015fmas\u0131yla geriye NaCl MgCl2 yataklar\u0131 kalm\u0131\u015ft\u0131r. Apatit, belirli miktarda klor<br \/>\nihtiva eder.<\/p>\n<h2>Klor Kullan\u0131m Alanlar\u0131<\/h2>\n<p>Klor, bakterilere \u00f6ld\u00fcr\u00fcc\u00fc olarak etki eder. Bu sebepten suyun dezenfektasyonu i\u00e7in<br \/>\nkullan\u0131l\u0131r. Keza DDT gibi ha\u015fere \u00f6ld\u00fcr\u00fcc\u00fc ila\u00e7 imalat\u0131nda, beyazlat\u0131c\u0131 olarak kire\u00e7 kayma\u011f\u0131 yap\u0131m\u0131nda<br \/>\nkullan\u0131l\u0131r. Etilenoksid, etilenglikol gibi end\u00fcstriyel \u00f6nemi haiz fakat klorlu olmayan bile\u015fiklerin<br \/>\n\u00fcretiminde, ayr\u0131ca re\u00e7ine \u00eem\u00e2l\u00e2t\u0131nda faydalan\u0131lan propilenglikol ve patlay\u0131c\u0131 imalat\u0131nda kullan\u0131lan<br \/>\ngliserin \u00fcretiminde \u00e7ok kullan\u0131l\u0131r.<\/p>\n<h2>Klorun biyolojik \u00f6nemi<\/h2>\n<p>Kandaki iyon dengesini olu\u015fturan anyonlar\u0131n yakla\u015f\u0131k \u00fc\u00e7te ikisi klor\u00fcr<br \/>\nanyonudur. V\u00fccudun ihtiya\u00e7 duydu\u011fu klor\u00fcr yemek tuzu ile al\u0131n\u0131r. Klorun bir b\u00f6l\u00fcm\u00fc deride, derialt\u0131<br \/>\ndokularda ve iskelette depolan\u0131r. Terlemeyle artan klor\u00fcr kayb\u0131 i\u00e7ilen tuzlu ayran ile en iyi bi\u00e7imde telafi<br \/>\nedilebilir. Klor\u00fcrler h\u00fccre d\u0131\u015f\u0131 s\u0131v\u0131lar\u0131n bas\u0131nc\u0131n\u0131n ayarlanmas\u0131nda, elektriksel bak\u0131mdan n\u00f6tr olmas\u0131nda<br \/>\nve v\u00fccudun absit-baz dengesinin sa\u011flanmas\u0131nda rol oynar.<\/p>\n","protected":false},"excerpt":{"rendered":"<p>Halojenler s\u0131n\u0131f\u0131ndan bir element. Kimy\u00e2sal sembol\u00fc\u00a0Cl\u2019dir. Tabiatta halojenlerin en \u00e7ok bulunan\u0131d\u0131r. \u0130lk defa 1774\u2019te Scheele taraf\u0131ndan klor\u00fcr asidinin\u00a0piroluzit ile y\u00fckseltgenmesiyle elde edildi. O zaman klora, flogistonsuz tuz asidi ad\u0131 verildi&#8230;.<\/p>\n","protected":false},"author":1,"featured_media":0,"comment_status":"closed","ping_status":"closed","sticky":false,"template":"","format":"standard","meta":{"footnotes":""},"categories":[92],"tags":[2680,1417,2132],"class_list":["post-3171","post","type-post","status-publish","format-standard","hentry","category-bilim","tag-carl-wilhelm-scheele","tag-humphry-davy","tag-klor"],"_links":{"self":[{"href":"https:\/\/www.ilkkimbuldu.com\/index.php?rest_route=\/wp\/v2\/posts\/3171"}],"collection":[{"href":"https:\/\/www.ilkkimbuldu.com\/index.php?rest_route=\/wp\/v2\/posts"}],"about":[{"href":"https:\/\/www.ilkkimbuldu.com\/index.php?rest_route=\/wp\/v2\/types\/post"}],"author":[{"embeddable":true,"href":"https:\/\/www.ilkkimbuldu.com\/index.php?rest_route=\/wp\/v2\/users\/1"}],"replies":[{"embeddable":true,"href":"https:\/\/www.ilkkimbuldu.com\/index.php?rest_route=%2Fwp%2Fv2%2Fcomments&post=3171"}],"version-history":[{"count":6,"href":"https:\/\/www.ilkkimbuldu.com\/index.php?rest_route=\/wp\/v2\/posts\/3171\/revisions"}],"predecessor-version":[{"id":8129,"href":"https:\/\/www.ilkkimbuldu.com\/index.php?rest_route=\/wp\/v2\/posts\/3171\/revisions\/8129"}],"wp:attachment":[{"href":"https:\/\/www.ilkkimbuldu.com\/index.php?rest_route=%2Fwp%2Fv2%2Fmedia&parent=3171"}],"wp:term":[{"taxonomy":"category","embeddable":true,"href":"https:\/\/www.ilkkimbuldu.com\/index.php?rest_route=%2Fwp%2Fv2%2Fcategories&post=3171"},{"taxonomy":"post_tag","embeddable":true,"href":"https:\/\/www.ilkkimbuldu.com\/index.php?rest_route=%2Fwp%2Fv2%2Ftags&post=3171"}],"curies":[{"name":"wp","href":"https:\/\/api.w.org\/{rel}","templated":true}]}}