{"id":3282,"date":"2012-02-26T23:15:21","date_gmt":"2012-02-26T21:15:21","guid":{"rendered":"http:\/\/www.ilkkimbuldu.com\/?p=3282"},"modified":"2016-12-25T21:27:05","modified_gmt":"2016-12-25T19:27:05","slug":"liri-kim-buldu","status":"publish","type":"post","link":"https:\/\/www.ilkkimbuldu.com\/?p=3282","title":{"rendered":"Lir&#8217;i kim buldu"},"content":{"rendered":"<p>Lir, Arp ailesinden kayna\u011f\u0131 M.\u00d6. 9. y\u00fczy\u0131la kadar uzanan, eski Yunanl\u0131lara ait, U harfi \u015feklinde a\u011fa\u00e7tan oyulan, \u00e7\u0131rpma telli bir m\u00fczik aletidir. Bu m\u00fczik aleti, ilk \u00f6nce yar\u0131m k\u00fcre \u015feklinde, i\u00e7i bo\u015falt\u0131lm\u0131\u015f kaplumba\u011fa kabu\u011funun iki ucuna kar\u015f\u0131l\u0131kl\u0131 olarak yerle\u015ftirilen 3 veya 4 telin gerilmesiyle ortaya \u00e7\u0131km\u0131\u015ft\u0131r. Daha sonra modern hale sokulan, lirin telleri be\u015fe \u00e7\u0131kar\u0131lm\u0131\u015ft\u0131r. Nadiren 7 ve 8 telli olanlar\u0131 da vard\u0131r.<\/p>\n<p>Lir; on \u00fc\u00e7\u00fcnc\u00fc y\u00fczy\u0131lda \u0130talya\u2019da kullan\u0131lm\u0131\u015ft\u0131r. Baz\u0131 rivayetlerde keman bu m\u00fczik aletinin kayna\u011f\u0131 olarak anlat\u0131l\u0131r. \u015eekil itibariyle kemana benzer. On d\u00f6rd\u00fcnc\u00fc y\u00fczy\u0131llarda Plei\u00e7de \u015fairleri \u015fiir okurken telli ve yayl\u0131 olan bu m\u00fczik aletini kullanm\u0131\u015flard\u0131r. Lirin \u00f6zelli\u011fi parmaklarla \u00e7al\u0131n\u0131r ve kucakta iki diz aras\u0131nda tutularak ses verdirilir.<\/p>\n<p>Antik Yunanistan&#8217;da Lir&#8217;in tanr\u0131 Hermes&#8217;in buldu\u011fu ve karde\u015fi tanr\u0131 Apollon&#8217;a hediye etti\u011fine inan\u0131l\u0131rd\u0131. Lir, Hellenistik D\u00f6nem&#8217;de ozanlar\u0131n ve d\u00fc\u015f\u00fcn\u00fcrlerin sembol\u00fcyd\u00fc bu nedenle de sonradan Lirik d\u00fc\u015f\u00fcncenin \u00e7\u0131k\u0131\u015f kayna\u011f\u0131 olmu\u015ftur. \u0130nsanlar\u0131n duygular\u0131n\u0131 anlatma anlam\u0131na gelen \u201clirik\u201d kelimesinin \u015fiir d\u00fcnyas\u0131nda yer almas\u0131, bu m\u00fczik aletine dayan\u0131r. Daha sonra bu \u015fiir t\u00fcr\u00fc de \u015fairler aras\u0131nda yay\u0131lm\u0131\u015ft\u0131r.<\/p>\n","protected":false},"excerpt":{"rendered":"<p>Lir, Arp ailesinden kayna\u011f\u0131 M.\u00d6. 9. y\u00fczy\u0131la kadar uzanan, eski Yunanl\u0131lara ait, U harfi \u015feklinde a\u011fa\u00e7tan oyulan, \u00e7\u0131rpma telli bir m\u00fczik aletidir. Bu m\u00fczik aleti, ilk \u00f6nce yar\u0131m k\u00fcre \u015feklinde,&#8230;<\/p>\n","protected":false},"author":1,"featured_media":0,"comment_status":"closed","ping_status":"closed","sticky":false,"template":"","format":"standard","meta":{"footnotes":""},"categories":[15],"tags":[1680,1681],"class_list":["post-3282","post","type-post","status-publish","format-standard","hentry","category-eglence","tag-lir","tag-lir-muzik-aleti"],"_links":{"self":[{"href":"https:\/\/www.ilkkimbuldu.com\/index.php?rest_route=\/wp\/v2\/posts\/3282"}],"collection":[{"href":"https:\/\/www.ilkkimbuldu.com\/index.php?rest_route=\/wp\/v2\/posts"}],"about":[{"href":"https:\/\/www.ilkkimbuldu.com\/index.php?rest_route=\/wp\/v2\/types\/post"}],"author":[{"embeddable":true,"href":"https:\/\/www.ilkkimbuldu.com\/index.php?rest_route=\/wp\/v2\/users\/1"}],"replies":[{"embeddable":true,"href":"https:\/\/www.ilkkimbuldu.com\/index.php?rest_route=%2Fwp%2Fv2%2Fcomments&post=3282"}],"version-history":[{"count":5,"href":"https:\/\/www.ilkkimbuldu.com\/index.php?rest_route=\/wp\/v2\/posts\/3282\/revisions"}],"predecessor-version":[{"id":6910,"href":"https:\/\/www.ilkkimbuldu.com\/index.php?rest_route=\/wp\/v2\/posts\/3282\/revisions\/6910"}],"wp:attachment":[{"href":"https:\/\/www.ilkkimbuldu.com\/index.php?rest_route=%2Fwp%2Fv2%2Fmedia&parent=3282"}],"wp:term":[{"taxonomy":"category","embeddable":true,"href":"https:\/\/www.ilkkimbuldu.com\/index.php?rest_route=%2Fwp%2Fv2%2Fcategories&post=3282"},{"taxonomy":"post_tag","embeddable":true,"href":"https:\/\/www.ilkkimbuldu.com\/index.php?rest_route=%2Fwp%2Fv2%2Ftags&post=3282"}],"curies":[{"name":"wp","href":"https:\/\/api.w.org\/{rel}","templated":true}]}}