{"id":3293,"date":"2012-12-15T23:50:30","date_gmt":"2012-12-15T21:50:30","guid":{"rendered":"http:\/\/www.ilkkimbuldu.com\/?p=3293"},"modified":"2016-12-24T18:26:55","modified_gmt":"2016-12-24T16:26:55","slug":"madalyayi-kim-buldu","status":"publish","type":"post","link":"https:\/\/www.ilkkimbuldu.com\/?p=3293","title":{"rendered":"Madalyay\u0131 kim buldu"},"content":{"rendered":"<p>Madalya sava\u015flarda\u00a0\u00fcst\u00fcn ba\u015far\u0131 g\u00f6sterenlere, \u00f6nemli bir\u00a0olay veya yar\u0131\u015fma sonunda derece alanlara verilen madeni ni\u015fand\u0131r. Madalya bas\u0131m\u0131, t\u00e2rihin \u00e7ok\u00a0\u00f6ncesine dayan\u0131r.<\/p>\n<p>Abb\u00e2s\u00eeler (749-1517) zam\u00e2n\u0131nda, \u00f6nem arz eden b\u00e2z\u0131 hadiseler sebebi ile \u201catiye\u00a0dinar\u0131\u201d denilen madalya bas\u0131ld\u0131. Abb\u00e2s\u00ee halifelerinden Muktedir\u2019in bast\u0131rd\u0131\u011f\u0131 madalya, Berlin M\u00fczesinde\u00a0bulunmaktad\u0131r. B\u00fcveyho\u011fullar\u0131\u2019ndan \u0130zz\u00fcdevle Bahtiyar taraf\u0131ndan bas\u0131lan 36 mm \u00e7ap\u0131nda 18,30 gram\u00a0a\u011f\u0131rl\u0131\u011f\u0131ndaki bir alt\u0131n madalya, \u0130stanbul Arkeoloji m\u00fczesinde mevcuttur.<\/p>\n<p>D\u00fcny\u00e2da m\u00fcstesn\u00e2 olaylar sebebi ile bast\u0131r\u0131lm\u0131\u015f belli ba\u015fl\u0131 madalyalar: Amiral Tromp\u2019un 1653\u2019te<br \/>\nbast\u0131rd\u0131\u011f\u0131 alt\u0131n madalya, 1445\u2019te bas\u0131lan Domenico Nevello Malatesta madalyas\u0131, 1400 y\u0131llar\u0131nda<br \/>\n\u0130mparator Heraklius Michelet Saulmon\u2019un madalyas\u0131, D\u00f6rd\u00fcnc\u00fc Henri\u2019nin madalyas\u0131, 1499\u2019da Onikinci<br \/>\nLouis veAnne de Bretogne\u2019nin madalyas\u0131, \u00f6nemli olanlar\u0131d\u0131r.<\/p>\n","protected":false},"excerpt":{"rendered":"<p>Madalya sava\u015flarda\u00a0\u00fcst\u00fcn ba\u015far\u0131 g\u00f6sterenlere, \u00f6nemli bir\u00a0olay veya yar\u0131\u015fma sonunda derece alanlara verilen madeni ni\u015fand\u0131r. Madalya bas\u0131m\u0131, t\u00e2rihin \u00e7ok\u00a0\u00f6ncesine dayan\u0131r. Abb\u00e2s\u00eeler (749-1517) zam\u00e2n\u0131nda, \u00f6nem arz eden b\u00e2z\u0131 hadiseler sebebi ile \u201catiye\u00a0dinar\u0131\u201d&#8230;<\/p>\n","protected":false},"author":1,"featured_media":0,"comment_status":"closed","ping_status":"closed","sticky":false,"template":"","format":"standard","meta":{"footnotes":""},"categories":[23],"tags":[2167],"class_list":["post-3293","post","type-post","status-publish","format-standard","hentry","category-spor","tag-madalya"],"_links":{"self":[{"href":"https:\/\/www.ilkkimbuldu.com\/index.php?rest_route=\/wp\/v2\/posts\/3293"}],"collection":[{"href":"https:\/\/www.ilkkimbuldu.com\/index.php?rest_route=\/wp\/v2\/posts"}],"about":[{"href":"https:\/\/www.ilkkimbuldu.com\/index.php?rest_route=\/wp\/v2\/types\/post"}],"author":[{"embeddable":true,"href":"https:\/\/www.ilkkimbuldu.com\/index.php?rest_route=\/wp\/v2\/users\/1"}],"replies":[{"embeddable":true,"href":"https:\/\/www.ilkkimbuldu.com\/index.php?rest_route=%2Fwp%2Fv2%2Fcomments&post=3293"}],"version-history":[{"count":5,"href":"https:\/\/www.ilkkimbuldu.com\/index.php?rest_route=\/wp\/v2\/posts\/3293\/revisions"}],"predecessor-version":[{"id":6345,"href":"https:\/\/www.ilkkimbuldu.com\/index.php?rest_route=\/wp\/v2\/posts\/3293\/revisions\/6345"}],"wp:attachment":[{"href":"https:\/\/www.ilkkimbuldu.com\/index.php?rest_route=%2Fwp%2Fv2%2Fmedia&parent=3293"}],"wp:term":[{"taxonomy":"category","embeddable":true,"href":"https:\/\/www.ilkkimbuldu.com\/index.php?rest_route=%2Fwp%2Fv2%2Fcategories&post=3293"},{"taxonomy":"post_tag","embeddable":true,"href":"https:\/\/www.ilkkimbuldu.com\/index.php?rest_route=%2Fwp%2Fv2%2Ftags&post=3293"}],"curies":[{"name":"wp","href":"https:\/\/api.w.org\/{rel}","templated":true}]}}