{"id":3382,"date":"2014-09-16T02:31:14","date_gmt":"2014-09-16T00:31:14","guid":{"rendered":"http:\/\/www.ilkkimbuldu.com\/?p=3382"},"modified":"2016-12-25T18:57:13","modified_gmt":"2016-12-25T16:57:13","slug":"metreyi-kim-buldu","status":"publish","type":"post","link":"https:\/\/www.ilkkimbuldu.com\/?p=3382","title":{"rendered":"Metre&#8217;yi kim buldu"},"content":{"rendered":"<p>Metre temel uzunluk \u00f6l\u00e7\u00fc birimidir. Bir \u00f6l\u00e7\u00fc birimi olup, genellikle desimetre,\u00a0santimetre ve milimetrelere b\u00f6l\u00fcnm\u00fc\u015ft\u00fcr. \u00dcst katlar\u0131 onar onar b\u00fcy\u00fcr, alt katlar\u0131 onar onar k\u00fc\u00e7\u00fcl\u00fcr.\u00a0D\u00fcny\u00e2da b\u00fct\u00fcn metrelerin e\u015fit olmas\u0131 istendi\u011finden bunu temin i\u00e7in bir \u00f6rnek metre kabul edilir.<\/p>\n<p>Metre,\u00a0ekvatordaki d\u00fcny\u00e2n\u0131n \u00e7evresinin k\u0131rk milyonda biri olarak t\u00e2rif edilmi\u015ftir. \u00d6rnek kabul edilen bu metreye\u00a0\u201cetalon\u201d denir. Platinden yap\u0131lan standart bu metre Fransa\u2019da Sevres\u2019de Milletleraras\u0131 A\u011f\u0131rl\u0131k ve<br \/>\n\u00d6l\u00e7\u00fcler B\u00fcrosunun yeralt\u0131ndaki mahzeninde saklan\u0131r.<\/p>\n<p>Ekim 1960 y\u0131l\u0131nda Paris\u2019te toplanan on birinci A\u011f\u0131rl\u0131klar ve \u00d6l\u00e7\u00fcler Genel Konferans\u0131nda, kripton 86<br \/>\natomunun 2P10 ve 5d5 seviyeleri aras\u0131ndaki ge\u00e7i\u015fine tekab\u00fcl eden \u0131\u015f\u0131man\u0131n bo\u015fluktaki dalga boyunun<br \/>\n1.650.763,72 kat\u0131na e\u015fit uzunluk, metre i\u00e7in esas al\u0131nm\u0131\u015ft\u0131r.<\/p>\n<p>Metrenin as katlar\u0131; desimetre (dm), santimetre (cm), milimetre (mm)dir. \u00dcst katlar\u0131 ise dekametre<br \/>\n(dam), hektometre (hm), kilometre (km)dir.<\/p>\n","protected":false},"excerpt":{"rendered":"<p>Metre temel uzunluk \u00f6l\u00e7\u00fc birimidir. Bir \u00f6l\u00e7\u00fc birimi olup, genellikle desimetre,\u00a0santimetre ve milimetrelere b\u00f6l\u00fcnm\u00fc\u015ft\u00fcr. \u00dcst katlar\u0131 onar onar b\u00fcy\u00fcr, alt katlar\u0131 onar onar k\u00fc\u00e7\u00fcl\u00fcr.\u00a0D\u00fcny\u00e2da b\u00fct\u00fcn metrelerin e\u015fit olmas\u0131 istendi\u011finden bunu&#8230;<\/p>\n","protected":false},"author":1,"featured_media":0,"comment_status":"closed","ping_status":"closed","sticky":false,"template":"","format":"standard","meta":{"footnotes":""},"categories":[92,14],"tags":[2261],"class_list":["post-3382","post","type-post","status-publish","format-standard","hentry","category-bilim","category-egitim","tag-metre"],"_links":{"self":[{"href":"https:\/\/www.ilkkimbuldu.com\/index.php?rest_route=\/wp\/v2\/posts\/3382"}],"collection":[{"href":"https:\/\/www.ilkkimbuldu.com\/index.php?rest_route=\/wp\/v2\/posts"}],"about":[{"href":"https:\/\/www.ilkkimbuldu.com\/index.php?rest_route=\/wp\/v2\/types\/post"}],"author":[{"embeddable":true,"href":"https:\/\/www.ilkkimbuldu.com\/index.php?rest_route=\/wp\/v2\/users\/1"}],"replies":[{"embeddable":true,"href":"https:\/\/www.ilkkimbuldu.com\/index.php?rest_route=%2Fwp%2Fv2%2Fcomments&post=3382"}],"version-history":[{"count":6,"href":"https:\/\/www.ilkkimbuldu.com\/index.php?rest_route=\/wp\/v2\/posts\/3382\/revisions"}],"predecessor-version":[{"id":6774,"href":"https:\/\/www.ilkkimbuldu.com\/index.php?rest_route=\/wp\/v2\/posts\/3382\/revisions\/6774"}],"wp:attachment":[{"href":"https:\/\/www.ilkkimbuldu.com\/index.php?rest_route=%2Fwp%2Fv2%2Fmedia&parent=3382"}],"wp:term":[{"taxonomy":"category","embeddable":true,"href":"https:\/\/www.ilkkimbuldu.com\/index.php?rest_route=%2Fwp%2Fv2%2Fcategories&post=3382"},{"taxonomy":"post_tag","embeddable":true,"href":"https:\/\/www.ilkkimbuldu.com\/index.php?rest_route=%2Fwp%2Fv2%2Ftags&post=3382"}],"curies":[{"name":"wp","href":"https:\/\/api.w.org\/{rel}","templated":true}]}}