{"id":3461,"date":"2014-12-17T02:16:01","date_gmt":"2014-12-17T00:16:01","guid":{"rendered":"http:\/\/www.ilkkimbuldu.com\/?p=3461"},"modified":"2016-12-25T20:54:36","modified_gmt":"2016-12-25T18:54:36","slug":"notayi-kim-buldu","status":"publish","type":"post","link":"https:\/\/www.ilkkimbuldu.com\/?p=3461","title":{"rendered":"Nota&#8217;y\u0131 kim buldu"},"content":{"rendered":"<p>Nota M\u00fczikte, mevcut seslerin g\u00f6sterilmesinde\u00a0kullan\u0131lan i\u015f\u00e2retler b\u00fct\u00fcn\u00fcd\u00fct. Nota, m\u00fczik seslerinin k\u00e2\u011f\u0131t \u00fczerinde if\u00e2desi ve okuyucu taraf\u0131ndan anla\u015f\u0131lmas\u0131n\u0131\u00a0temin eder.\u00a0Notan\u0131n t\u00e2rihteki ilk men\u015fei hakk\u0131nda bir bilgi yoktur. Yap\u0131lan ara\u015ft\u0131rmalar, \u00e7ok eski zamanlarda da\u00a0notan\u0131n kullan\u0131ld\u0131\u011f\u0131n\u0131 g\u00f6stermi\u015ftir. \u00c7ok \u00e7e\u015fitli milletler, um\u00fbmiyetle kendilerine mahsus pek\u00e7ok nota\u00a0sistemi kullanm\u0131\u015flard\u0131r. Bu sebepten kendisine mahsus m\u00fczi\u011fi ve yaz\u0131s\u0131 olan her cemiyetin bir nota\u00a0sisteminin oldu\u011fu fikri kuvvet kazanm\u0131\u015ft\u0131r. Zamanla, bunlar\u0131n aras\u0131ndan \u015fu anda kullan\u0131lmakta olan\u00a0sistem yayg\u0131nla\u015fm\u0131\u015ft\u0131r. Eskiden notalar, \u00e7o\u011funlukla harflerle if\u00e2de edilen k\u0131smen de \u00f6zel i\u015f\u00e2retlerden\u00a0meydana gelmekteydi.<\/p>\n<p><b>Nota<\/b>, m\u00fczikal sesleri simgeleyen i\u015faretlerdir. Bir ba\u015fka deyi\u015fle <b>nota<\/b>, m\u00fczi\u011fi okuyup yaz\u0131ya almaya yarayan \u015fekillere ve o \u015fekillerin temsil ettikleri temel frekanslara verilen add\u0131r. Nota (veya not) s\u00f6zc\u00fc\u011f\u00fc, bir fikri daha sonra hat\u0131rlamak i\u00e7in i\u015fareler ile bir yere o fikri temsil edecek bi\u00e7imde yazmay\u0131 d\u00f6kmeyi anlat\u0131r. M\u00fczik notas\u0131 da, bir sesi temsil etmek \u00fczere dizek \u00fcst\u00fcndeki yerine konulan bir i\u015faret, bir kay\u0131tt\u0131r. M\u00fczi\u011fi yaz\u0131l\u0131 olarak ifade etmede kullan\u0131lan her bir nota, m\u00fczikteki belli bir sese kar\u015f\u0131l\u0131k gelir. Notalar seslerin zaman i\u00e7indeki uzunlu\u011funu ve temel frekans\u0131n\u0131 g\u00f6sterirler.<\/p>\n<p>Yaz\u0131da kullan\u0131lan harflerin adlar\u0131 oldu\u011fu gibi, notalar\u0131n da adlar\u0131 vard\u0131r. Notalar\u0131 adland\u0131rmak i\u00e7in iki temel sistem kullan\u0131lm\u0131\u015ft\u0131r. Bu sistemlerden ilki daha \u00e7ok Fransa, \u0130talya, \u0130spanya ve T\u00fcrkiye gibi Akdeniz \u00fclkelerinde kullan\u0131lan\u0131 <strong>Aziz Iohanne Battista<\/strong> ilahisinin ilk hecelerinden isimlerini alan <strong>do-re-mi<\/strong> sistemidir. \u0130kincisi ise \u0130ngiltere, Almanya gibi kuzey ilkelerinde kullan\u0131lan <strong>A-B-C<\/strong> sistemidir.<\/p>\n","protected":false},"excerpt":{"rendered":"<p>Nota M\u00fczikte, mevcut seslerin g\u00f6sterilmesinde\u00a0kullan\u0131lan i\u015f\u00e2retler b\u00fct\u00fcn\u00fcd\u00fct. Nota, m\u00fczik seslerinin k\u00e2\u011f\u0131t \u00fczerinde if\u00e2desi ve okuyucu taraf\u0131ndan anla\u015f\u0131lmas\u0131n\u0131\u00a0temin eder.\u00a0Notan\u0131n t\u00e2rihteki ilk men\u015fei hakk\u0131nda bir bilgi yoktur. Yap\u0131lan ara\u015ft\u0131rmalar, \u00e7ok eski zamanlarda&#8230;<\/p>\n","protected":false},"author":1,"featured_media":0,"comment_status":"closed","ping_status":"closed","sticky":false,"template":"","format":"standard","meta":{"footnotes":""},"categories":[15],"tags":[904,452],"class_list":["post-3461","post","type-post","status-publish","format-standard","hentry","category-eglence","tag-muzik","tag-nota"],"_links":{"self":[{"href":"https:\/\/www.ilkkimbuldu.com\/index.php?rest_route=\/wp\/v2\/posts\/3461"}],"collection":[{"href":"https:\/\/www.ilkkimbuldu.com\/index.php?rest_route=\/wp\/v2\/posts"}],"about":[{"href":"https:\/\/www.ilkkimbuldu.com\/index.php?rest_route=\/wp\/v2\/types\/post"}],"author":[{"embeddable":true,"href":"https:\/\/www.ilkkimbuldu.com\/index.php?rest_route=\/wp\/v2\/users\/1"}],"replies":[{"embeddable":true,"href":"https:\/\/www.ilkkimbuldu.com\/index.php?rest_route=%2Fwp%2Fv2%2Fcomments&post=3461"}],"version-history":[{"count":4,"href":"https:\/\/www.ilkkimbuldu.com\/index.php?rest_route=\/wp\/v2\/posts\/3461\/revisions"}],"predecessor-version":[{"id":6870,"href":"https:\/\/www.ilkkimbuldu.com\/index.php?rest_route=\/wp\/v2\/posts\/3461\/revisions\/6870"}],"wp:attachment":[{"href":"https:\/\/www.ilkkimbuldu.com\/index.php?rest_route=%2Fwp%2Fv2%2Fmedia&parent=3461"}],"wp:term":[{"taxonomy":"category","embeddable":true,"href":"https:\/\/www.ilkkimbuldu.com\/index.php?rest_route=%2Fwp%2Fv2%2Fcategories&post=3461"},{"taxonomy":"post_tag","embeddable":true,"href":"https:\/\/www.ilkkimbuldu.com\/index.php?rest_route=%2Fwp%2Fv2%2Ftags&post=3461"}],"curies":[{"name":"wp","href":"https:\/\/api.w.org\/{rel}","templated":true}]}}