{"id":4332,"date":"2015-03-01T20:52:06","date_gmt":"2015-03-01T18:52:06","guid":{"rendered":"http:\/\/www.ilkkimbuldu.com\/?p=4332"},"modified":"2018-02-26T02:58:13","modified_gmt":"2018-02-26T00:58:13","slug":"sac-kurutma-makinesini-kim-buldu","status":"publish","type":"post","link":"https:\/\/www.ilkkimbuldu.com\/?p=4332","title":{"rendered":"Sa\u00e7 Kurutma Makinesini kim buldu"},"content":{"rendered":"<h2><strong>Sa\u00e7 Kurutma Makinesini kim icat etti.<\/strong><\/h2>\n<p>Sa\u00e7 kurutma makinesi ger\u00e7ekte tek ba\u015f\u0131na bir icat de\u011fildir. <a title=\"Elektrik S\u00fcp\u00fcrgesini kim buldu\" href=\"http:\/\/www.ilkkimbuldu.com\/elektrik-supurgesini-kim-buldu\/\">Elektrik s\u00fcp\u00fcrgesi<\/a>\u00a0ve <a title=\"Mikseri kim buldu\" href=\"http:\/\/www.ilkkimbuldu.com\/mikseri-kim-buldu\/\">Blender<\/a>in icad\u0131 ve yayg\u0131nla\u015fmas\u0131ndan sonra ortaya \u00e7\u0131km\u0131\u015ft\u0131r. 1910 lu y\u0131llarda elektrikli ev aletleri icat edilip kullan\u0131m\u0131 h\u0131zla yayg\u0131nla\u015f\u0131rken, bir alete birden fazla g\u00f6rev y\u00fckleme veya makinan\u0131n asli g\u00f6revi d\u0131\u015f\u0131nda ba\u015fka \u015feyler i\u00e7inde kullan\u0131labilece\u011fi vurgulan\u0131yordu. Piyasaya \u00e7\u0131kan ilk elektrikli s\u00fcp\u00fcrge reklamlar\u0131nda, sa\u00e7lar\u0131n\u0131 elektrikli s\u00fcp\u00fcrge ile kurutan bir modelin resmi kullan\u0131lm\u0131\u015ft\u0131. Elektrik s\u00fcp\u00fcrgesinin emici \u00f6zelli\u011fi kadar \u00fcfleyici \u00f6zelli\u011fi de bulundu\u011funu ve sat\u0131n alanlar\u0131n bu \u00f6zellikten faydalanarak sa\u00e7lar\u0131n\u0131 kurutabilecekleri belirtiliyordu.<\/p>\n<p>Fakat elektrikli s\u00fcp\u00fcrge motorlar\u0131 sa\u00e7 kurutma i\u015fi i\u00e7in a\u015f\u0131r\u0131 b\u00fcy\u00fckt\u00fc. Bu s\u0131rada blender i\u00e7in \u00e7al\u0131\u015fmalar yap\u0131l\u0131yordu. Blender i\u00e7in tasarlanan motorlar daha k\u00fc\u00e7\u00fck ve daha sessizdi. \u0130lk blenderin patenti 1922 y\u0131l\u0131nda al\u0131nm\u0131\u015f olsa da Wisconsin Racine&#8217;de y\u00fcr\u00fct\u00fclen \u00e7al\u0131\u015fmalarda blenderler i\u00e7in k\u00fc\u00e7\u00fck \u00f6l\u00e7ekli motorlar, elektrikli s\u00fcp\u00fcrge \u00e7al\u0131\u015fma mant\u0131\u011f\u0131 ile birle\u015ftirildi. Racine Universal Motors ve Hamilton Beach \u015firketleri tarafondan Racine ve Cyclone adlar\u0131 verilen iki \u00e7e\u015fit sa\u00e7 kurutma makinesi 1920 y\u0131l\u0131nda piyasaya s\u00fcr\u00fcld\u00fc.<\/p>\n<p>Piyasaya \u00e7\u0131kan <strong>ilk sa\u00e7 kurutma makineleri <\/strong>a\u011f\u0131r ve fazla s\u0131cak hava veriyor olsalar da 1930 lu y\u0131llara kadar sa\u00e7 kurutma i\u015fini elektrikli s\u00fcp\u00fcrgeler ile beraber y\u00fcr\u00fctmeye devam ettiler. 1930 ve 1940 l\u0131 y\u0131llarda sa\u00e7 kurutma makinelerine s\u0131cakl\u0131k ve k\u0131z ayarlama sistemleri geli\u015ftirildi. 1951 y\u0131l\u0131nda elde ta\u015f\u0131nabilen k\u00fc\u00e7\u00fck modeller yap\u0131ld\u0131 fakat sa\u00e7 kurutma makinesinin Amerika da yayg\u0131nla\u015fmas\u0131 1960 lardan sonra oldu.<\/p>\n","protected":false},"excerpt":{"rendered":"<p>Sa\u00e7 Kurutma Makinesini kim icat etti. Sa\u00e7 kurutma makinesi ger\u00e7ekte tek ba\u015f\u0131na bir icat de\u011fildir. Elektrik s\u00fcp\u00fcrgesi\u00a0ve Blenderin icad\u0131 ve yayg\u0131nla\u015fmas\u0131ndan sonra ortaya \u00e7\u0131km\u0131\u015ft\u0131r. 1910 lu y\u0131llarda elektrikli ev aletleri&#8230;<\/p>\n","protected":false},"author":1,"featured_media":10183,"comment_status":"closed","ping_status":"closed","sticky":false,"template":"","format":"standard","meta":{"footnotes":""},"categories":[20,1],"tags":[1768,1767,1765,1766],"class_list":["post-4332","post","type-post","status-publish","format-standard","has-post-thumbnail","hentry","category-ev","category-teknoloji","tag-fon","tag-fon-makinesi","tag-sac-kurutma","tag-sac-kurutma-makinesi"],"_links":{"self":[{"href":"https:\/\/www.ilkkimbuldu.com\/index.php?rest_route=\/wp\/v2\/posts\/4332"}],"collection":[{"href":"https:\/\/www.ilkkimbuldu.com\/index.php?rest_route=\/wp\/v2\/posts"}],"about":[{"href":"https:\/\/www.ilkkimbuldu.com\/index.php?rest_route=\/wp\/v2\/types\/post"}],"author":[{"embeddable":true,"href":"https:\/\/www.ilkkimbuldu.com\/index.php?rest_route=\/wp\/v2\/users\/1"}],"replies":[{"embeddable":true,"href":"https:\/\/www.ilkkimbuldu.com\/index.php?rest_route=%2Fwp%2Fv2%2Fcomments&post=4332"}],"version-history":[{"count":8,"href":"https:\/\/www.ilkkimbuldu.com\/index.php?rest_route=\/wp\/v2\/posts\/4332\/revisions"}],"predecessor-version":[{"id":10184,"href":"https:\/\/www.ilkkimbuldu.com\/index.php?rest_route=\/wp\/v2\/posts\/4332\/revisions\/10184"}],"wp:featuredmedia":[{"embeddable":true,"href":"https:\/\/www.ilkkimbuldu.com\/index.php?rest_route=\/wp\/v2\/media\/10183"}],"wp:attachment":[{"href":"https:\/\/www.ilkkimbuldu.com\/index.php?rest_route=%2Fwp%2Fv2%2Fmedia&parent=4332"}],"wp:term":[{"taxonomy":"category","embeddable":true,"href":"https:\/\/www.ilkkimbuldu.com\/index.php?rest_route=%2Fwp%2Fv2%2Fcategories&post=4332"},{"taxonomy":"post_tag","embeddable":true,"href":"https:\/\/www.ilkkimbuldu.com\/index.php?rest_route=%2Fwp%2Fv2%2Ftags&post=4332"}],"curies":[{"name":"wp","href":"https:\/\/api.w.org\/{rel}","templated":true}]}}