{"id":4339,"date":"2015-03-01T22:24:00","date_gmt":"2015-03-01T20:24:00","guid":{"rendered":"http:\/\/www.ilkkimbuldu.com\/?p=4339"},"modified":"2016-12-25T20:51:08","modified_gmt":"2016-12-25T18:51:08","slug":"dogum-gunu-kutlamayi-kim-buldu","status":"publish","type":"post","link":"https:\/\/www.ilkkimbuldu.com\/?p=4339","title":{"rendered":"Do\u011fum G\u00fcn\u00fc Kutlama&#8217;y\u0131 kim buldu"},"content":{"rendered":"<p>Eski Yunanlar\u0131n inan\u0131\u015f\u0131na g\u00f6re av ve ay tanr\u0131\u00e7as\u0131 Artemis her ay\u0131n alt\u0131s\u0131nda do\u011fum g\u00fcn\u00fcn\u00fc kutluyor ve kendisine un ve baldan kocaman bir pasta yap\u0131yordu. Yunan ilahlar\u0131 her ay do\u011fum g\u00fcnlerini kutlad\u0131klar\u0131 i\u00e7in y\u0131lda on iki do\u011fum g\u00fcnleri oluyordu. \u0130nsanlarda ise sadece erkeklerin do\u011fum g\u00fcnleri kutlan\u0131yor ve bu kutlamalar adam\u0131n \u00f6l\u00fcm\u00fcnden y\u0131llar sonras\u0131na kadar devam ediyordu.<\/p>\n<p>Do\u011fum G\u00fcn\u00fc Kutlama gelene\u011fi\u00a0Eski M\u0131s\u0131r&#8217;da\u00a0Milattan \u00d6nce 3000&#8217;lerde kutsal firavunun do\u011fum g\u00fcn\u00fcn\u00fcn kutlanmas\u0131yla ba\u015flad\u0131. Do\u011fum g\u00fcn\u00fcn\u00fc kutlad\u0131\u011f\u0131n\u0131 bildi\u011fimiz ilk kad\u0131n da, sevgilisi Marcus Antonius&#8217;la davetlileri kabul eden ve davetlilere de\u011ferli arma\u011fanlar veren Kleopatra&#8217;d\u0131r.<\/p>\n<p>Romal\u0131lar \u00f6nemli devlet adamlar\u0131n\u0131n do\u011fum g\u00fcnlerini resmi tatil g\u00fcn\u00fc yaparak bug\u00fcn de devam eden bir uygulamay\u0131 ba\u015flatt\u0131lar.<\/p>\n<p>Hristiyanlar ise do\u011fum g\u00fcnlerini kutlayacak durumda de\u011fillerdi. Ancak azizlerin \u00f6l\u00fcm g\u00fcnleri an\u0131larak vortu yap\u0131l\u0131yordu; bu d\u00fcnyadan \u00f6l\u00fcms\u00fcz ger\u00e7ek d\u00fcnyaya ge\u00e7i\u015f oldu\u011fu i\u00e7in as\u0131l an\u0131lmas\u0131 gereken g\u00fcn \u00f6l\u00fcm g\u00fcn\u00fcyd\u00fc. 245 y\u0131l\u0131nda \u0130sa&#8217;n\u0131n do\u011fum tarihini saptamak i\u00e7in \u00e7al\u0131\u015fma ba\u015flatanlara kar\u015f\u0131, Katolik Kilisesi bu \u00e7abay\u0131 yerinde bulmam\u0131\u015f ve buna \u0130sa&#8217;n\u0131n firavuna benzetilmesi diyerek kar\u015f\u0131 \u00e7\u0131km\u0131\u015ft\u0131. 4. y\u00fczy\u0131lda ise bu tutum de\u011fi\u015fti ve \u0130sa&#8217;n\u0131n do\u011fum g\u00fcn\u00fc \u00f6nemsenerek Noel gelene\u011fi ba\u015flat\u0131ld\u0131. 12. y\u00fczy\u0131la gelindi\u011finde Avrupa kiliselerinde kad\u0131n ve \u00e7ocuklar dahil cemaatin do\u011fum tarihleri kaydedilmeye ve do\u011fum g\u00fcnleri kutlanmaya ba\u015fland\u0131.<\/p>\n<p>Osmanl\u0131&#8217;da devlet kat\u0131nda kutlamalar padi\u015fahlar\u0131n tahta \u00e7\u0131kma g\u00fcnleri, \u015fehzade ve sultanlar\u0131n do\u011fum ve d\u00fc\u011f\u00fcnleri, halk aras\u0131nda d\u00fc\u011f\u00fcn, s\u00fcnnet, ilk t\u0131ra\u015f, okula ba\u015flama gibi d\u00f6neme\u00e7lerdir. Osmanl\u0131 padi\u015fahlar\u0131 do\u011fum g\u00fcnleri kutlamalar\u0131nda, Avrupa krallar\u0131n\u0131n devlet salnamelerinde de yer alan do\u011fum g\u00fcnlerinden esinlenmi\u015f olsa gerek. Ya\u015fl\u0131 ku\u015fak do\u011fumunu g\u00fcn olarak bilemeyip y\u0131l\u0131n\u0131 hesaplamalarla \u00e7\u0131kart\u0131rken \u015fehirliler aras\u0131nda gittik\u00e7e yayg\u0131nla\u015fan do\u011fum g\u00fcnleri, okul \u00e7ocuklar\u0131n\u0131n birbirini taklidi ile yeni ku\u015faklar i\u00e7in vazge\u00e7ilmez hale geldi.<\/p>\n","protected":false},"excerpt":{"rendered":"<p>Eski Yunanlar\u0131n inan\u0131\u015f\u0131na g\u00f6re av ve ay tanr\u0131\u00e7as\u0131 Artemis her ay\u0131n alt\u0131s\u0131nda do\u011fum g\u00fcn\u00fcn\u00fc kutluyor ve kendisine un ve baldan kocaman bir pasta yap\u0131yordu. Yunan ilahlar\u0131 her ay do\u011fum g\u00fcnlerini&#8230;<\/p>\n","protected":false},"author":1,"featured_media":0,"comment_status":"closed","ping_status":"closed","sticky":false,"template":"","format":"standard","meta":{"footnotes":""},"categories":[15,22],"tags":[1770,1769,1771],"class_list":["post-4339","post","type-post","status-publish","format-standard","hentry","category-eglence","category-toplum","tag-dogum-gunu","tag-yas-gunu","tag-yas-gunu-kutlamasi"],"_links":{"self":[{"href":"https:\/\/www.ilkkimbuldu.com\/index.php?rest_route=\/wp\/v2\/posts\/4339"}],"collection":[{"href":"https:\/\/www.ilkkimbuldu.com\/index.php?rest_route=\/wp\/v2\/posts"}],"about":[{"href":"https:\/\/www.ilkkimbuldu.com\/index.php?rest_route=\/wp\/v2\/types\/post"}],"author":[{"embeddable":true,"href":"https:\/\/www.ilkkimbuldu.com\/index.php?rest_route=\/wp\/v2\/users\/1"}],"replies":[{"embeddable":true,"href":"https:\/\/www.ilkkimbuldu.com\/index.php?rest_route=%2Fwp%2Fv2%2Fcomments&post=4339"}],"version-history":[{"count":4,"href":"https:\/\/www.ilkkimbuldu.com\/index.php?rest_route=\/wp\/v2\/posts\/4339\/revisions"}],"predecessor-version":[{"id":6865,"href":"https:\/\/www.ilkkimbuldu.com\/index.php?rest_route=\/wp\/v2\/posts\/4339\/revisions\/6865"}],"wp:attachment":[{"href":"https:\/\/www.ilkkimbuldu.com\/index.php?rest_route=%2Fwp%2Fv2%2Fmedia&parent=4339"}],"wp:term":[{"taxonomy":"category","embeddable":true,"href":"https:\/\/www.ilkkimbuldu.com\/index.php?rest_route=%2Fwp%2Fv2%2Fcategories&post=4339"},{"taxonomy":"post_tag","embeddable":true,"href":"https:\/\/www.ilkkimbuldu.com\/index.php?rest_route=%2Fwp%2Fv2%2Ftags&post=4339"}],"curies":[{"name":"wp","href":"https:\/\/api.w.org\/{rel}","templated":true}]}}