{"id":4345,"date":"2016-01-02T23:02:49","date_gmt":"2016-01-02T21:02:49","guid":{"rendered":"http:\/\/www.ilkkimbuldu.com\/?p=4345"},"modified":"2018-03-05T21:36:02","modified_gmt":"2018-03-05T19:36:02","slug":"anneler-gununu-kim-buldu","status":"publish","type":"post","link":"https:\/\/www.ilkkimbuldu.com\/?p=4345","title":{"rendered":"Anneler G\u00fcn\u00fcn\u00fc kim buldu"},"content":{"rendered":"<h2>Anneler G\u00fcn\u00fcn\u00fc kim \u00e7\u0131kard\u0131<\/h2>\n<p>Annesinin an\u0131s\u0131n\u0131 ya\u015fatmak i\u00e7in \u00f6nce Amerika&#8217;da sonra t\u00fcm d\u00fcnyada bir g\u00fcn\u00fcn Anneler G\u00fcn\u00fc olmas\u0131n\u0131 sa\u011flad\u0131 fakat kendisi anne olamad\u0131. \u00a0 May\u0131s\u00a01864&#8217;de do\u011fan\u00a0<strong>Anna Marie Jarvis\u00a0<\/strong>Amerikada Bat\u0131 Virginia&#8217;da \u00f6\u011fretmenli yapt\u0131\u011f\u0131 s\u0131rada 9 May\u0131s 1905&#8217;te annesini kaybetti. Anesinin \u00f6l\u00fcm\u00fcnden iki y\u0131l sonra, 1907 y\u0131l\u0131nda annesinin \u00f6l\u00fcm y\u0131l d\u00f6n\u00fcm\u00fcnde yak\u0131n arkada\u015flar\u0131na her y\u0131l <strong>Anneler G\u00fcn\u00fc<\/strong> ad\u0131 alt\u0131nda \u00fclke \u00e7ap\u0131nda kutlama yap\u0131lmas\u0131 \u00f6nerisinde bulundu. Amerika&#8217;n\u0131n \u00f6nde gelen kuma\u015f t\u00fcccarlar\u0131ndan John Wanamaker&#8217;\u0131n mali deste\u011fiyle \u00e7al\u0131\u015fmalara ba\u015fland\u0131. 1908 bahar\u0131nda Anna, annesinin yirmi y\u0131l din dersi verdi\u011fi Grafton&#8217;daki Andrews Methodist Pazar Okulu&#8217;na \u00f6nerisini kabul ettirdi. 10 May\u0131s 1908&#8217;de ilk anneler g\u00fcn\u00fc Grafton&#8217;da 407 \u00e7ocuk ve annelerinin kat\u0131l\u0131m\u0131yla kutland\u0131. Anna vaazdan sonra b\u00fct\u00fcn anne ve \u00e7ocuklara karanfil da\u011f\u0131tt\u0131; kendi annesi en \u00e7ok bu \u00e7i\u00e7e\u011fi seviyordu. \u00d6neri \u00e7ok \u00e7abuk benimsenerek Temsilciler Meclisi bu y\u00f6nde bir karar\u0131 kabul ettiyse de, babalar g\u00fcn\u00fc, kaynanalar g\u00fcn\u00fc, day\u0131lar g\u00fcn\u00fc de gerektirece\u011fi itiraz\u0131yla Senato&#8217;da tak\u0131ld\u0131.<\/p>\n<p>Anna Jarvis ba\u015flatt\u0131\u011f\u0131 ki\u015fisel mektup kampanyas\u0131yla \u00fclkenin b\u00fct\u00fcn \u00f6nde gelen siyaset\u00e7ileri, belediyeleri, i\u015fadamlar\u0131, bas\u0131n kurumlar\u0131na ve \u00f6nemli buldu\u011fu herkese \u00e7a\u011fr\u0131da bulundu. \u00dclkede Anneler G\u00fcn\u00fc kutlamalar\u0131n\u0131n yayg\u0131nla\u015fmas\u0131 sonucu Senato&#8217;nun ve Ba\u015fkan Woodrow Wilson&#8217;un da onaylamas\u0131yla 8 May\u0131s 1914&#8217;te may\u0131s\u0131n ikinci pazar\u0131 Anneler G\u00fcn\u00fc olarak kabul edildi.<\/p>\n<p>Anna Jarvis, Anneler G\u00fcn\u00fc&#8217;n\u00fc ticarile\u015ftirdikleri gerek\u00e7esiyle davalar a\u00e7\u0131p kaybetti; k\u00f6t\u00fc biten bir a\u015fk hik\u00e2yesinden sonra evlenmemeye karar veren kad\u0131n, k\u00f6r k\u0131z karde\u015fini, aile evini ve sa\u011fl\u0131\u011f\u0131n\u0131 kaybettikten sonra 1944&#8217;te devlet yard\u0131m\u0131na muhta\u00e7 hale geldi. Son y\u0131llar\u0131nda arkada\u015flar\u0131n\u0131n toplad\u0131\u011f\u0131 yard\u0131mlarla ya\u015fayarak, 1948&#8217;de seksen d\u00f6rt ya\u015f\u0131nda \u00f6zel bir sanatoryumda \u00f6ld\u00fc.<\/p>\n<p>T\u00fcrkiye&#8217;de ilk Anneler G\u00fcn\u00fc, Kad\u0131nlar Derne\u011fi arac\u0131l\u0131\u011f\u0131yla 1955 y\u0131l\u0131nda kutland\u0131; y\u0131l\u0131n annesi se\u00e7ilmeye ba\u015fland\u0131. Kitle ileti\u015fim ara\u00e7lar\u0131 geli\u015ftik\u00e7e \u00f6nce gazeteler, sonra televizyon yoluyla Anneler G\u00fcn\u00fc \u00f6\u011fretildi; ilkokullarda \u00e7ocuklara anneleri i\u00e7in resim ve eli\u015fi derslerinde<\/p>\n","protected":false},"excerpt":{"rendered":"<p>Anneler G\u00fcn\u00fcn\u00fc kim \u00e7\u0131kard\u0131 Annesinin an\u0131s\u0131n\u0131 ya\u015fatmak i\u00e7in \u00f6nce Amerika&#8217;da sonra t\u00fcm d\u00fcnyada bir g\u00fcn\u00fcn Anneler G\u00fcn\u00fc olmas\u0131n\u0131 sa\u011flad\u0131 fakat kendisi anne olamad\u0131. \u00a0 May\u0131s\u00a01864&#8217;de do\u011fan\u00a0Anna Marie Jarvis\u00a0Amerikada Bat\u0131 Virginia&#8217;da&#8230;<\/p>\n","protected":false},"author":1,"featured_media":5605,"comment_status":"open","ping_status":"closed","sticky":false,"template":"","format":"standard","meta":{"footnotes":""},"categories":[22],"tags":[1772,1773],"class_list":["post-4345","post","type-post","status-publish","format-standard","has-post-thumbnail","hentry","category-toplum","tag-anna-jarvis","tag-anneler-gunu"],"_links":{"self":[{"href":"https:\/\/www.ilkkimbuldu.com\/index.php?rest_route=\/wp\/v2\/posts\/4345"}],"collection":[{"href":"https:\/\/www.ilkkimbuldu.com\/index.php?rest_route=\/wp\/v2\/posts"}],"about":[{"href":"https:\/\/www.ilkkimbuldu.com\/index.php?rest_route=\/wp\/v2\/types\/post"}],"author":[{"embeddable":true,"href":"https:\/\/www.ilkkimbuldu.com\/index.php?rest_route=\/wp\/v2\/users\/1"}],"replies":[{"embeddable":true,"href":"https:\/\/www.ilkkimbuldu.com\/index.php?rest_route=%2Fwp%2Fv2%2Fcomments&post=4345"}],"version-history":[{"count":5,"href":"https:\/\/www.ilkkimbuldu.com\/index.php?rest_route=\/wp\/v2\/posts\/4345\/revisions"}],"predecessor-version":[{"id":10962,"href":"https:\/\/www.ilkkimbuldu.com\/index.php?rest_route=\/wp\/v2\/posts\/4345\/revisions\/10962"}],"wp:featuredmedia":[{"embeddable":true,"href":"https:\/\/www.ilkkimbuldu.com\/index.php?rest_route=\/wp\/v2\/media\/5605"}],"wp:attachment":[{"href":"https:\/\/www.ilkkimbuldu.com\/index.php?rest_route=%2Fwp%2Fv2%2Fmedia&parent=4345"}],"wp:term":[{"taxonomy":"category","embeddable":true,"href":"https:\/\/www.ilkkimbuldu.com\/index.php?rest_route=%2Fwp%2Fv2%2Fcategories&post=4345"},{"taxonomy":"post_tag","embeddable":true,"href":"https:\/\/www.ilkkimbuldu.com\/index.php?rest_route=%2Fwp%2Fv2%2Ftags&post=4345"}],"curies":[{"name":"wp","href":"https:\/\/api.w.org\/{rel}","templated":true}]}}