{"id":4361,"date":"2015-03-02T00:45:34","date_gmt":"2015-03-01T22:45:34","guid":{"rendered":"http:\/\/www.ilkkimbuldu.com\/?p=4361"},"modified":"2015-03-02T00:46:52","modified_gmt":"2015-03-01T22:46:52","slug":"tip-bayramini-kim-buldu","status":"publish","type":"post","link":"https:\/\/www.ilkkimbuldu.com\/?p=4361","title":{"rendered":"T\u0131p Bayram\u0131&#8217;n\u0131 kim buldu"},"content":{"rendered":"<p>Her y\u0131l\u00a0Mart\u00a0ay\u0131n\u0131n\u00a014&#8217;\u00fcnde kutlanan<strong>\u00a0T\u0131p Bayram\u0131<\/strong>, T\u00fcrkiye&#8217;de\u00a0t\u0131p\u00a0alan\u0131ndan \u00e7al\u0131\u015fanlar\u0131n hizmet sorunlar\u0131n\u0131n tart\u0131\u015f\u0131ld\u0131\u011f\u0131, bilime katk\u0131lar\u0131n\u0131n \u00f6d\u00fcllendirildi\u011fi bir anma ve kutlama g\u00fcn\u00fcd\u00fcr.\u00a01976 y\u0131l\u0131ndan beri sadece 14 Mart g\u00fcn\u00fc de\u011fil, 14 Mart&#8217;\u0131 i\u00e7ine alan hafta boyunca kutlamalar yap\u0131lmakta ve bu hafta\u00a0<strong>T\u0131p Haftas\u0131\u00a0<\/strong>olarak kabul edilmektedir.<\/p>\n<p>14 Mart\u00a01827&#8217;de,\u00a0II. Mahmut\u00a0d\u00f6neminde,\u00a0Hekimba\u015f\u0131 Mustafa Beh\u00e7et&#8217;in\u00a0\u00f6nerisiyle ilk cerrahhanenin, \u015eehzadeba\u015f\u0131&#8217;daki Tulumbac\u0131ba\u015f\u0131 Kona\u011f\u0131&#8217;nda T\u0131phane-i Amire ve Cerrahhane-i Amire ad\u0131yla kurulmas\u0131, T\u00fcrkiye&#8217;de\u00a0modern t\u0131p e\u011fitiminin ba\u015flad\u0131\u011f\u0131 g\u00fcn\u00a0olarak kabul edilir. Okulun kurulu\u015f g\u00fcn\u00fc olan\u00a0<strong>14 Mart, &#8220;T\u0131p Bayram\u0131&#8221;<\/strong> olarak kutlanmaktad\u0131r.<\/p>\n<p>\u0130lk kutlama, 14 Mart 1919 tarihinde i\u015fgal alt\u0131ndaki\u00a0\u0130stanbul&#8217;da ger\u00e7ekle\u015fmi\u015ftir. O g\u00fcn, t\u0131bbiye 3. s\u0131n\u0131f \u00f6\u011frencisi\u00a0Hikmet Boran&#8217;\u0131n \u00f6nderli\u011finde, t\u0131p okulu \u00f6\u011frencileri i\u015fgali protesto i\u00e7in toplanm\u0131\u015f ve onlara devrin \u00fcnl\u00fc doktorlar\u0131 da destek vermi\u015fti. B\u00f6ylece t\u0131p bayram\u0131, t\u0131p mesle\u011fi mensuplar\u0131n\u0131n yurt savunma hareketi olarak ba\u015flam\u0131\u015ft\u0131r.<\/p>\n<p>1929-1937\u00a0y\u0131llar\u0131 aras\u0131nda\u00a012 May\u0131s\u00a0g\u00fcn\u00fc T\u0131p Bayram\u0131 olarak kutland\u0131. Bu tarih,\u00a0Bursa&#8217;daki Y\u0131ld\u0131r\u0131m\u00a0Dar\u00fc\u015f\u015fifas\u0131&#8217;nda ilk T\u00fcrk\u00e7e t\u0131p derslerinin ba\u015flad\u0131\u011f\u0131 tarih olarak kabul edildi\u011fi i\u00e7in T\u0131p Bayram\u0131 yap\u0131ld\u0131. Ancak zamanla bu uygulamadan vazge\u00e7ildi ve yeniden 14 Mart T\u0131p Bayram\u0131 oldu.<\/p>\n<p>D\u00fcnyada benzer kutlamalar, farkl\u0131 tarihlerde yap\u0131lmaktad\u0131r. \u00d6rne\u011fin ABD&#8217;de ameliyatlarda genel anestezinin ilk defa kullan\u0131ld\u0131\u011f\u0131\u00a030 Mart\u00a01842\u00a0tarihinin y\u0131ld\u00f6n\u00fcm\u00fc;\u00a0Hindistan&#8217;da \u00fcnl\u00fc doktor Bidhan Chandra Roy&#8217;un do\u011fum (ve ayn\u0131 zamanda \u00f6l\u00fcm) y\u0131ld\u00f6n\u00fcm\u00fc olan\u00a01 Temmuz\u00a0g\u00fcn\u00fc &#8220;Doktorlar G\u00fcn\u00fc&#8221; olarak kutlan\u0131r.<\/p>\n","protected":false},"excerpt":{"rendered":"<p>Her y\u0131l\u00a0Mart\u00a0ay\u0131n\u0131n\u00a014&#8217;\u00fcnde kutlanan\u00a0T\u0131p Bayram\u0131, T\u00fcrkiye&#8217;de\u00a0t\u0131p\u00a0alan\u0131ndan \u00e7al\u0131\u015fanlar\u0131n hizmet sorunlar\u0131n\u0131n tart\u0131\u015f\u0131ld\u0131\u011f\u0131, bilime katk\u0131lar\u0131n\u0131n \u00f6d\u00fcllendirildi\u011fi bir anma ve kutlama g\u00fcn\u00fcd\u00fcr.\u00a01976 y\u0131l\u0131ndan beri sadece 14 Mart g\u00fcn\u00fc de\u011fil, 14 Mart&#8217;\u0131 i\u00e7ine alan hafta boyunca&#8230;<\/p>\n","protected":false},"author":1,"featured_media":0,"comment_status":"closed","ping_status":"closed","sticky":false,"template":"","format":"standard","meta":{"footnotes":""},"categories":[18],"tags":[1779,1780],"class_list":["post-4361","post","type-post","status-publish","format-standard","hentry","category-saglik","tag-tip-bayrami","tag-tip-haftasi"],"_links":{"self":[{"href":"https:\/\/www.ilkkimbuldu.com\/index.php?rest_route=\/wp\/v2\/posts\/4361"}],"collection":[{"href":"https:\/\/www.ilkkimbuldu.com\/index.php?rest_route=\/wp\/v2\/posts"}],"about":[{"href":"https:\/\/www.ilkkimbuldu.com\/index.php?rest_route=\/wp\/v2\/types\/post"}],"author":[{"embeddable":true,"href":"https:\/\/www.ilkkimbuldu.com\/index.php?rest_route=\/wp\/v2\/users\/1"}],"replies":[{"embeddable":true,"href":"https:\/\/www.ilkkimbuldu.com\/index.php?rest_route=%2Fwp%2Fv2%2Fcomments&post=4361"}],"version-history":[{"count":3,"href":"https:\/\/www.ilkkimbuldu.com\/index.php?rest_route=\/wp\/v2\/posts\/4361\/revisions"}],"predecessor-version":[{"id":4364,"href":"https:\/\/www.ilkkimbuldu.com\/index.php?rest_route=\/wp\/v2\/posts\/4361\/revisions\/4364"}],"wp:attachment":[{"href":"https:\/\/www.ilkkimbuldu.com\/index.php?rest_route=%2Fwp%2Fv2%2Fmedia&parent=4361"}],"wp:term":[{"taxonomy":"category","embeddable":true,"href":"https:\/\/www.ilkkimbuldu.com\/index.php?rest_route=%2Fwp%2Fv2%2Fcategories&post=4361"},{"taxonomy":"post_tag","embeddable":true,"href":"https:\/\/www.ilkkimbuldu.com\/index.php?rest_route=%2Fwp%2Fv2%2Ftags&post=4361"}],"curies":[{"name":"wp","href":"https:\/\/api.w.org\/{rel}","templated":true}]}}