{"id":4366,"date":"2015-03-02T01:12:12","date_gmt":"2015-03-01T23:12:12","guid":{"rendered":"http:\/\/www.ilkkimbuldu.com\/?p=4366"},"modified":"2015-03-02T01:18:43","modified_gmt":"2015-03-01T23:18:43","slug":"dunya-tuketiciler-gununu-kim-buldu","status":"publish","type":"post","link":"https:\/\/www.ilkkimbuldu.com\/?p=4366","title":{"rendered":"D\u00fcnya T\u00fcketiciler G\u00fcn\u00fc&#8217;n\u00fc kim buldu"},"content":{"rendered":"<p>ABD Ba\u015fkan\u0131\u00a0John F Kennedy, 15 Mart 1962 g\u00fcn\u00fc Temsilciler Meclisinde yapt\u0131\u011f\u0131 konu\u015fmada, ilk kez, T\u00fcketici Haklar\u0131 diye bir kavram kullanm\u0131\u015ft\u0131r. \u0130lk olarak Amerika, Avrupa ve \u0130skandinav \u00fclkelerinde ortaya \u00e7\u0131kan T\u00fcketici Koruma faaliyetleri Japonya\u2019ya ve oradan da t\u00fcm d\u00fcnya \u00fclkelerine yay\u0131lmaya ba\u015flam\u0131\u015ft\u0131r. 1985 y\u0131l\u0131nda Birle\u015fmi\u015f Milletler taraf\u0131ndan al\u0131nan bir kararla\u00a0<strong>15 Mart D\u00fcnya T\u00fcketiciler G\u00fcn\u00fc\u00a0<\/strong>olarak kabul edilmi\u015f ve her y\u0131l \u00fclkemizde de 15 Mart D\u00fcnya T\u00fcketiciler G\u00fcn\u00fc olarak kutlanmaktad\u0131r.<\/p>\n<p>Birle\u015fmi\u015f Milletler, 1985 y\u0131l\u0131nda <strong>T\u00fcketici Haklar\u0131 Evrensel Beyannamesi \u00a0&#8216;<\/strong>ni\u00a0ilan ederken Ba\u015fkan John Kennedy&#8217;nin,\u00a0konu\u015fma yapt\u0131\u011f\u0131 15 Mart tarihini\u00a0<strong>D\u00fcnya T\u00fcketici Haklar\u0131 G\u00fcn\u00fc\u00a0<\/strong>olarak kabul etmi\u015ftir.<\/p>\n<p><strong>T\u00fcketici Haklar\u0131 Evrensel Beyannamesi;\u00a0<\/strong>T\u00fcketicilerin, Temel gereksinmelerin kar\u015f\u0131lanmas\u0131 hakk\u0131, Sa\u011fl\u0131k ve g\u00fcvenli\u011fin korunmas\u0131 hakk\u0131, Ekonomik \u00e7\u0131karlar\u0131n korunmas\u0131 hakk\u0131(Se\u00e7me hakk\u0131), Bilgilendirme hakk\u0131, E\u011fitilme hakk\u0131, Tazmin edilme hakk\u0131, Temsil edilme hakk\u0131, Sa\u011fl\u0131kl\u0131 bir \u00e7evrede ya\u015fama hakk\u0131 \u00a0olmak \u00fczere,\u00a0\u00a08 temel hakk\u0131 bulundu\u011funu belirtmektedir. Bu yeni haklar, \u015firketlerin t\u00fcketiciyi istismar etmesini \u00f6nlemek amac\u0131na y\u00f6nelikti.<\/p>\n<p>Bu g\u00fcnde t\u00fcketicilerin bilin\u00e7lendirilmesi i\u00e7in seminerler d\u00fczenlenmekte, al\u0131\u015fveri\u015f merkezlerinde standlar kurulmakta, radyo ve televizyon programlar\u0131 yay\u0131nlanmaktad\u0131r.<\/p>\n<p>\u00dclkemizde t\u00fcketicileri korumaya ilk yasal d\u00fczenleme olan 4077 say\u0131l\u0131 T\u00fcketicinin Korunmas\u0131 Hakk\u0131nda Kanun 1995 y\u0131l\u0131nda y\u00fcr\u00fcrl\u00fc\u011fe girmi\u015ftir. 2003 y\u0131l\u0131nda da 4882 say\u0131l\u0131 Kanun ile 4077 say\u0131l\u0131 Kanunda, \u00f6nemli de\u011fi\u015fiklikler yap\u0131lm\u0131\u015ft\u0131r. 4077 say\u0131l\u0131 Kanun \u00fcretici, sat\u0131c\u0131 ve sa\u011flay\u0131c\u0131lar\u0131n\u0131n t\u00fcketicilere kar\u015f\u0131 haklar\u0131n\u0131 ve sorumluluklar\u0131n\u0131 d\u00fczenlemekte idi. Ancak geli\u015fen \u015fartlara g\u00f6re 4077 say\u0131l\u0131 kanun yetersiz kal\u0131nca kanunda k\u0131smi de\u011fi\u015fiklikler yerine b\u00fct\u00fcn\u00fc ile de\u011fi\u015ftirilerek haz\u0131rlanan T\u00fcketicinin korunmas\u0131na ili\u015fkin tasar\u0131, TBMM Genel Kurulu&#8217;nda kabul edilerek yasala\u015fm\u0131\u015ft\u0131r.\u00a0<strong>6502 say\u0131l\u0131 T\u00fcketicinin Korunmas\u0131 Hakk\u0131nda Kanun\u00a0<\/strong>28 Kas\u0131m 2013&#8217;te Resmi Gazete&#8217;de yay\u0131mlanm\u0131\u015f olup 28 May\u0131s 2014&#8217;te y\u00fcr\u00fcrl\u00fc\u011fe girmi\u015ftir.<\/p>\n","protected":false},"excerpt":{"rendered":"<p>ABD Ba\u015fkan\u0131\u00a0John F Kennedy, 15 Mart 1962 g\u00fcn\u00fc Temsilciler Meclisinde yapt\u0131\u011f\u0131 konu\u015fmada, ilk kez, T\u00fcketici Haklar\u0131 diye bir kavram kullanm\u0131\u015ft\u0131r. \u0130lk olarak Amerika, Avrupa ve \u0130skandinav \u00fclkelerinde ortaya \u00e7\u0131kan T\u00fcketici&#8230;<\/p>\n","protected":false},"author":1,"featured_media":0,"comment_status":"closed","ping_status":"closed","sticky":false,"template":"","format":"standard","meta":{"footnotes":""},"categories":[317,22],"tags":[1781,1782,1783],"class_list":["post-4366","post","type-post","status-publish","format-standard","hentry","category-is-dunyasi","category-toplum","tag-tuketici","tag-tuketici-haklari","tag-tuketiciler-gunu"],"_links":{"self":[{"href":"https:\/\/www.ilkkimbuldu.com\/index.php?rest_route=\/wp\/v2\/posts\/4366"}],"collection":[{"href":"https:\/\/www.ilkkimbuldu.com\/index.php?rest_route=\/wp\/v2\/posts"}],"about":[{"href":"https:\/\/www.ilkkimbuldu.com\/index.php?rest_route=\/wp\/v2\/types\/post"}],"author":[{"embeddable":true,"href":"https:\/\/www.ilkkimbuldu.com\/index.php?rest_route=\/wp\/v2\/users\/1"}],"replies":[{"embeddable":true,"href":"https:\/\/www.ilkkimbuldu.com\/index.php?rest_route=%2Fwp%2Fv2%2Fcomments&post=4366"}],"version-history":[{"count":3,"href":"https:\/\/www.ilkkimbuldu.com\/index.php?rest_route=\/wp\/v2\/posts\/4366\/revisions"}],"predecessor-version":[{"id":4369,"href":"https:\/\/www.ilkkimbuldu.com\/index.php?rest_route=\/wp\/v2\/posts\/4366\/revisions\/4369"}],"wp:attachment":[{"href":"https:\/\/www.ilkkimbuldu.com\/index.php?rest_route=%2Fwp%2Fv2%2Fmedia&parent=4366"}],"wp:term":[{"taxonomy":"category","embeddable":true,"href":"https:\/\/www.ilkkimbuldu.com\/index.php?rest_route=%2Fwp%2Fv2%2Fcategories&post=4366"},{"taxonomy":"post_tag","embeddable":true,"href":"https:\/\/www.ilkkimbuldu.com\/index.php?rest_route=%2Fwp%2Fv2%2Ftags&post=4366"}],"curies":[{"name":"wp","href":"https:\/\/api.w.org\/{rel}","templated":true}]}}