{"id":4371,"date":"2015-03-02T01:23:51","date_gmt":"2015-03-01T23:23:51","guid":{"rendered":"http:\/\/www.ilkkimbuldu.com\/?p=4371"},"modified":"2015-03-02T01:29:05","modified_gmt":"2015-03-01T23:29:05","slug":"dunya-siir-gunu-kim-buldu","status":"publish","type":"post","link":"https:\/\/www.ilkkimbuldu.com\/?p=4371","title":{"rendered":"D\u00fcnya \u015eiir G\u00fcn\u00fc&#8217;n\u00fc kim buldu"},"content":{"rendered":"<p>Her y\u0131l <strong>21 Mart<\/strong> tarihinde kutlanan <strong>D\u00fcnya \u015eiir G\u00fcn\u00fc<\/strong>, ilk kez 1999 y\u0131l\u0131nda Birle\u015fmi\u015f Milletler E\u011fitim, Bilim ve K\u00fclt\u00fcr \u00d6rg\u00fct\u00fc ya da bilinen ad\u0131yla <strong>UNESCO\u00a0<\/strong>taraf\u0131ndan ilan edildi. D\u00fcnya \u00e7ap\u0131nda kutlanan D\u00fcnya \u015eiir G\u00fcn\u00fc&#8217;n\u00fcn amac\u0131 &#8220;fark\u0131ndal\u0131k yaratmak ve ulusal, evrensel, b\u00f6lgesel \u015fiir hareketlerine taze bir enerji sa\u011flamak&#8221;olarak nitelendiriliyor.<\/p>\n<p>\u015eiirin sorgulayarak \u00e7e\u015fitlilik yaratt\u0131\u011f\u0131n\u0131 belirten UNESCO, dil \u00e7e\u015fitlili\u011fini kutlamak i\u00e7in bug\u00fcn\u00fc \u015fiir g\u00fcn\u00fc olarak ilan etmi\u015f.<\/p>\n<p>\u015eiir okumay\u0131, yazmay\u0131, yay\u0131nlamay\u0131 te\u015fvik etmeyi ama\u00e7layan D\u00fcnya \u015eiir G\u00fcn\u00fc, \u00f6nceleri 5 Ekim&#8217;de kutlan\u0131rken 20. y\u00fczy\u0131l\u0131n sonlar\u0131na do\u011fru 15 Ekim&#8217;de kutlanmaya ba\u015flanm\u0131\u015f. Uzun s\u00fcredir 21 Mart&#8217;ta kutlanan D\u00fcnya \u015eiir G\u00fcn\u00fc, baz\u0131 \u00fclkelerde halen bu tarihlerde kutlan\u0131yor.<\/p>\n<p>T\u00fcrkiye&#8217;de ise Yazarlar Sendikas\u0131 \u00fcyesi \u015fair ve yazarlar, 21 Mart D\u00fcnya \u015eiir G\u00fcn\u00fc&#8217;n\u00fc \u00f6nceden belirlenen bir yerde bulu\u015farak, \u015eiir G\u00fcn\u00fc Bildirisi okuyarak kutlayacaklar.<\/p>\n<p>T\u00fcrkiye Yazarlar Sendikas\u0131 taraf\u0131ndan organize edilen kutlamalarda, \u015fair ve yazarlar 21 Mart D\u00fcnya \u015eiir G\u00fcn\u00fc&#8217;nde, sokaklarda halk ile bulu\u015fmaktad\u0131r. \u015eiir G\u00fcn\u00fc Bildirisi&#8217;ni okunduktan, halkla birlikte \u00a0\u015fiirler okumakta, \u015fiir severlere \u015fiir kitaplar\u0131 ve \u015fiir dergileri da\u011f\u0131tmaktad\u0131rlar.<\/p>\n","protected":false},"excerpt":{"rendered":"<p>Her y\u0131l 21 Mart tarihinde kutlanan D\u00fcnya \u015eiir G\u00fcn\u00fc, ilk kez 1999 y\u0131l\u0131nda Birle\u015fmi\u015f Milletler E\u011fitim, Bilim ve K\u00fclt\u00fcr \u00d6rg\u00fct\u00fc ya da bilinen ad\u0131yla UNESCO\u00a0taraf\u0131ndan ilan edildi. D\u00fcnya \u00e7ap\u0131nda kutlanan&#8230;<\/p>\n","protected":false},"author":1,"featured_media":0,"comment_status":"closed","ping_status":"closed","sticky":false,"template":"","format":"standard","meta":{"footnotes":""},"categories":[22],"tags":[1784,1785],"class_list":["post-4371","post","type-post","status-publish","format-standard","hentry","category-toplum","tag-siir","tag-siir-gunu"],"_links":{"self":[{"href":"https:\/\/www.ilkkimbuldu.com\/index.php?rest_route=\/wp\/v2\/posts\/4371"}],"collection":[{"href":"https:\/\/www.ilkkimbuldu.com\/index.php?rest_route=\/wp\/v2\/posts"}],"about":[{"href":"https:\/\/www.ilkkimbuldu.com\/index.php?rest_route=\/wp\/v2\/types\/post"}],"author":[{"embeddable":true,"href":"https:\/\/www.ilkkimbuldu.com\/index.php?rest_route=\/wp\/v2\/users\/1"}],"replies":[{"embeddable":true,"href":"https:\/\/www.ilkkimbuldu.com\/index.php?rest_route=%2Fwp%2Fv2%2Fcomments&post=4371"}],"version-history":[{"count":3,"href":"https:\/\/www.ilkkimbuldu.com\/index.php?rest_route=\/wp\/v2\/posts\/4371\/revisions"}],"predecessor-version":[{"id":4374,"href":"https:\/\/www.ilkkimbuldu.com\/index.php?rest_route=\/wp\/v2\/posts\/4371\/revisions\/4374"}],"wp:attachment":[{"href":"https:\/\/www.ilkkimbuldu.com\/index.php?rest_route=%2Fwp%2Fv2%2Fmedia&parent=4371"}],"wp:term":[{"taxonomy":"category","embeddable":true,"href":"https:\/\/www.ilkkimbuldu.com\/index.php?rest_route=%2Fwp%2Fv2%2Fcategories&post=4371"},{"taxonomy":"post_tag","embeddable":true,"href":"https:\/\/www.ilkkimbuldu.com\/index.php?rest_route=%2Fwp%2Fv2%2Ftags&post=4371"}],"curies":[{"name":"wp","href":"https:\/\/api.w.org\/{rel}","templated":true}]}}