{"id":4376,"date":"2015-03-02T01:38:04","date_gmt":"2015-03-01T23:38:04","guid":{"rendered":"http:\/\/www.ilkkimbuldu.com\/?p=4376"},"modified":"2015-03-02T01:39:34","modified_gmt":"2015-03-01T23:39:34","slug":"dunya-tiyatro-gununu-kim-buldu","status":"publish","type":"post","link":"https:\/\/www.ilkkimbuldu.com\/?p=4376","title":{"rendered":"D\u00fcnya Tiyatro G\u00fcn\u00fc&#8217;n\u00fc kim buldu"},"content":{"rendered":"<p><strong>D\u00fcnya Tiyatro G\u00fcn\u00fc,<\/strong>\u00a01961&#8217;de d\u00f6nemin Uluslararas\u0131 Tiyatrolar Birli\u011fi ba\u015fkan\u0131 olan\u00a0Arvi Kivimaa\u00a0taraf\u0131ndan \u00f6nce\u00a0Helsinki, sonra da Viyana\u2019da yap\u0131lan 9.\u00a0Uluslararas\u0131 Tiyatrolar Birli\u011fi\u00a0Konferans\u0131nda ortaya at\u0131lan \u2018tiyatrolar g\u00fcn\u00fc\u2019 fikri, \u0130skandinav \u00fclkelerinden gelen deste\u011fin de etkisiyle hayata ge\u00e7irildi. Kabul edili\u015finden sonra her y\u0131l,\u00a0Paris\u2019te 1962 tarihli Uluslar Tiyatrosu\u2019nun \u00a0da a\u00e7\u0131l\u0131\u015f g\u00fcn\u00fc olan\u00a027 Mart\u00a0g\u00fcn\u00fc, Uluslararas\u0131 Tiyatrolar Birli\u011fi\u00a0\u2019nin \u015fu an say\u0131s\u0131 100\u2019\u00fc bulan d\u00fcnya \u00e7ap\u0131ndaki merkezlerinde \u00e7e\u015fitli etkinliklerle kutlanmaya ba\u015fland\u0131.<\/p>\n<p>Her y\u0131l\u00a027 Mart\u00a0g\u00fcn\u00fc Uluslararas\u0131 Tiyatrolar Birli\u011fi merkezleri ve d\u00fcnya \u00e7ap\u0131nda\u00a0tiyatro\u00a0gruplar\u0131 taraf\u0131ndan kutlanmaktad\u0131r. Pek \u00e7ok ulusal ve uluslararas\u0131 etkinlik kutlamalarda yer almaktad\u0131r. En \u00f6nemli etkinliklerden biri, d\u00fcnya \u00e7ap\u0131nda ba\u015far\u0131 kazanm\u0131\u015f bir\u00a0tiyatro\u00a0oyuncusu, y\u00f6netmeni\u00a0veya\u00a0yazar\u0131n\u00a0yazd\u0131\u011f\u0131\u00a0evrensel\u00a0bildirgedir. \u0130lk bildirge\u00a01962\u2019de Frans\u0131z\u00a0yazar ve sinema y\u00f6netmeni Jean Cocteau taraf\u0131ndan yaz\u0131lm\u0131\u015ft\u0131r.<\/p>\n<p>UNESCO\u00a0taraf\u0131ndan kurulan Uluslararas\u0131 Tiyatrolar Birli\u011fi\u00a0\u2019nin \u201csahne sanatlar\u0131 ba\u011flam\u0131nda, d\u00fcnya \u00e7ap\u0131nda bilgi ve uygulama al\u0131\u015fveri\u015fini artt\u0131rmak, geli\u015fim s\u00fcrecinde sanatsal yarat\u0131c\u0131l\u0131\u011f\u0131n ve \u00fcretimin gereklili\u011fi konusunda toplumsal bilinci uyand\u0131rmak, insanlar aras\u0131ndaki bar\u0131\u015f ve dostlu\u011fun sa\u011flanmas\u0131 ve artmas\u0131n\u0131 ger\u00e7ekle\u015ftirmek ad\u0131na kar\u015f\u0131l\u0131kl\u0131 anlay\u0131\u015f\u0131 geli\u015ftirmek, UNESCO\u2019nun hedeflerine ula\u015fmas\u0131na katk\u0131da bulunmak\u201d gibi hedefleri, D\u00fcnya Tiyatro G\u00fcn\u00fc\u2019nde bir kez daha hat\u0131rlat\u0131lmaktad\u0131r. Her y\u0131l tiyatro ve tiyatroyla ortak \u00e7al\u0131\u015fan di\u011fer sanat disiplinlerinden gelen \u00fcst\u00fcn ba\u015far\u0131l\u0131 bir sanat\u00e7\u0131 bu g\u00fcn i\u00e7in bir konu\u015fma yapmaya davet edilmektedir. Uluslararas\u0131 Bildirge olarak g\u00f6r\u00fclen bu konu\u015fman\u0131n metni 20\u2019den fazla dile \u00e7evrilmekte, pek \u00e7ok gazetede yay\u0131nlanmakta ve d\u00fcnya \u00fczerindeki pek \u00e7ok tiyatro grubunun oyunundan \u00f6nce okunmaktad\u0131r. Pek \u00e7ok televizyon ve radyo kanal\u0131 bu bildirgeyi be\u015f k\u0131tan\u0131n her k\u00f6\u015fesindeki dinleyicilere ula\u015ft\u0131rmaktad\u0131r.<\/p>\n<p>D\u00fcnya Tiyatro G\u00fcn\u00fc tiyatro d\u00fcnyas\u0131ndaki insanlar i\u00e7in\u00a0sahne\u00a0sanatlar\u0131n\u0131n\u00a0insanlar\u0131 bir araya getirici g\u00fcc\u00fcn\u00fc kutlamak, seyirciyle daha iyi bir\u00a0ileti\u015fim\u00a0kurmak ve insanlar aras\u0131ndaki anlay\u0131\u015f ve bar\u0131\u015f\u0131 artt\u0131rmak i\u00e7in bir f\u0131rsat olarak g\u00f6r\u00fclmektedir. D\u00fcnya Tiyatro G\u00fcn\u00fc\u2019nde yap\u0131lan etkinlikler, uluslararas\u0131 i\u015flevlerinin yan\u0131 s\u0131ra ulusal ve b\u00f6lgesel tiyatro gruplar\u0131n\u0131n bir araya gelmesinde de rol oynamaktad\u0131r.<\/p>\n","protected":false},"excerpt":{"rendered":"<p>D\u00fcnya Tiyatro G\u00fcn\u00fc,\u00a01961&#8217;de d\u00f6nemin Uluslararas\u0131 Tiyatrolar Birli\u011fi ba\u015fkan\u0131 olan\u00a0Arvi Kivimaa\u00a0taraf\u0131ndan \u00f6nce\u00a0Helsinki, sonra da Viyana\u2019da yap\u0131lan 9.\u00a0Uluslararas\u0131 Tiyatrolar Birli\u011fi\u00a0Konferans\u0131nda ortaya at\u0131lan \u2018tiyatrolar g\u00fcn\u00fc\u2019 fikri, \u0130skandinav \u00fclkelerinden gelen deste\u011fin de etkisiyle hayata&#8230;<\/p>\n","protected":false},"author":1,"featured_media":0,"comment_status":"closed","ping_status":"closed","sticky":false,"template":"","format":"standard","meta":{"footnotes":""},"categories":[15,22],"tags":[1788,1786,1787],"class_list":["post-4376","post","type-post","status-publish","format-standard","hentry","category-eglence","category-toplum","tag-tiyatro","tag-tiyatro-gunu","tag-tiyatrolar-gunu"],"_links":{"self":[{"href":"https:\/\/www.ilkkimbuldu.com\/index.php?rest_route=\/wp\/v2\/posts\/4376"}],"collection":[{"href":"https:\/\/www.ilkkimbuldu.com\/index.php?rest_route=\/wp\/v2\/posts"}],"about":[{"href":"https:\/\/www.ilkkimbuldu.com\/index.php?rest_route=\/wp\/v2\/types\/post"}],"author":[{"embeddable":true,"href":"https:\/\/www.ilkkimbuldu.com\/index.php?rest_route=\/wp\/v2\/users\/1"}],"replies":[{"embeddable":true,"href":"https:\/\/www.ilkkimbuldu.com\/index.php?rest_route=%2Fwp%2Fv2%2Fcomments&post=4376"}],"version-history":[{"count":5,"href":"https:\/\/www.ilkkimbuldu.com\/index.php?rest_route=\/wp\/v2\/posts\/4376\/revisions"}],"predecessor-version":[{"id":4382,"href":"https:\/\/www.ilkkimbuldu.com\/index.php?rest_route=\/wp\/v2\/posts\/4376\/revisions\/4382"}],"wp:attachment":[{"href":"https:\/\/www.ilkkimbuldu.com\/index.php?rest_route=%2Fwp%2Fv2%2Fmedia&parent=4376"}],"wp:term":[{"taxonomy":"category","embeddable":true,"href":"https:\/\/www.ilkkimbuldu.com\/index.php?rest_route=%2Fwp%2Fv2%2Fcategories&post=4376"},{"taxonomy":"post_tag","embeddable":true,"href":"https:\/\/www.ilkkimbuldu.com\/index.php?rest_route=%2Fwp%2Fv2%2Ftags&post=4376"}],"curies":[{"name":"wp","href":"https:\/\/api.w.org\/{rel}","templated":true}]}}