{"id":4439,"date":"2015-03-06T00:01:24","date_gmt":"2015-03-05T22:01:24","guid":{"rendered":"http:\/\/www.ilkkimbuldu.com\/?p=4439"},"modified":"2015-03-04T22:52:39","modified_gmt":"2015-03-04T20:52:39","slug":"makarnayi-kim-buldu","status":"publish","type":"post","link":"https:\/\/www.ilkkimbuldu.com\/?p=4439","title":{"rendered":"Makarnay\u0131 kim buldu"},"content":{"rendered":"<p>Makarna deyince akla \u0130talyanlar gelir. D\u00fcnya \u00fczerinde en fazla makarna \u00e7e\u015fidi \u0130talyanlarda bulunmaktad\u0131r. Hatta bu \u00a0\u00e7ok \u00e7e\u015fitlilik \u0130talya&#8217;daki makarna t\u00fcrlerini hangi \u015fehrin buldu\u011fu kavgas\u0131na bile neden olur&#8230;<\/p>\n<p>Makarnan\u0131n Marco Polo tara-f\u0131ndan \u00c7in&#8217;den 13. y\u00fczy\u0131lda italya&#8217;ya getirildi\u011fi s\u00f6ylenmektedir ama \u00fcnl\u00fc seyahatnamede yaln\u0131zca \u00c7in&#8217;deki ekmek a\u011fac\u0131n\u0131n \u015fa\u015f\u0131rt\u0131c\u0131l\u0131\u011f\u0131ndan s\u00f6z edilmektedir; yoksa a\u011fac\u0131n unundan &#8220;pasta&#8221; yap\u0131lmas\u0131nda ve Marco Polo&#8217;nun \u00c7in&#8217;de \u015fehriye ve benzerlerini yemesinde \u015fa\u015f\u0131rt\u0131c\u0131 bir y\u00f6n yoktur.<\/p>\n<p>&#8220;Pasta&#8221; \u0130talyancada ekmek veya kuru pasta, un \u00e7orbas\u0131 veya lapas\u0131 i\u00e7in haz\u0131rlanm\u0131\u015f hamur demektir, zaten bu y\u00fczy\u0131lda makarna, spagetti veya &#8220;vermicelli&#8221; yoktur.\u00a0&#8220;Espresso&#8221; (bast\u0131r\u0131lm\u0131\u015f), &#8220;canelloni&#8221; (b\u00fcy\u00fck boru), &#8220;ravioli&#8221; (k\u00fc-\u00e7\u00fck \u015falgam), &#8220;spaghetti&#8221; (k\u00fc\u00e7\u00fck iplik), &#8220;tutti frutti&#8221; (b\u00fct\u00fcn meyve-ler), &#8220;vermicelli&#8221; (k\u00fc\u00e7\u00fck solucan), &#8220;lasagna&#8221; (tava), &#8220;parmesan&#8221; (Parmal\u0131), &#8220;minestrone&#8221; (\u00e7ukur) \u0130talyanlar\u0131n d\u00fcnya lokantalar\u0131na kendi adlar\u0131yla tan\u0131tt\u0131klar\u0131 makarna \u00e7e\u015fitleri&#8230;<\/p>\n<p>T\u00fcrkiye&#8217;de eri\u015fte (Fars\u00e7a &#8220;ri\u015fta&#8221;), tarhana (Fars\u00e7a &#8220;terhuv\u00e2ne&#8221;), \u015fehriye (Arap\u00e7a &#8220;\u015fa&#8217;r&#8221;) ve g\u00f6\u00e7ebe k\u00fclt\u00fcr\u00fcne \u00e7ok uygun mant\u0131 (\u00c7ince &#8220;mantu&#8221;) yemekleri ge\u00e7mi\u015fe do\u011fru gidildik\u00e7e \u0130talyan makarnalar\u0131yla ve bir\u00e7ok \u00fclkenin hamur, hatta bu\u011fday yerine pirin\u00e7, fasulye, soya unu kullan\u0131lan yemekleriyle benze\u015fir.<\/p>\n<p>Makarnan\u0131n Commedia dell&#8217;Arte kahraman\u0131 Mascherone&#8217;nin ad\u0131ndan, Imparator III. Frederick&#8217;in (1515-1576) bir \u015f\u00f6lende kendisine sunulan makarnay\u0131 be\u011fenip Yunanca &#8220;makarios&#8221; (ho\u015fnut) demesinden ve-ya Napolili bir prensin &#8220;si buoni ma caroni&#8221; (\u0130talyanca bozuk olmakla birlikte, &#8220;g\u00fczel ama pahal\u0131&#8221;) demesinden geldi\u011fi gibi bir\u00e7ok \u00f6neri vard\u0131r.<\/p>\n<p>\u0130talyan \u015fehirleri aras\u0131nda makarna kavgas\u0131 17. y\u00fczy\u0131la uzanmaktad\u0131r. 14. y\u00fczy\u0131lda makarna \u00e7e\u015fitleri yap\u0131lmaya ba\u015flanm\u0131\u015ft\u0131r, fakat \u00f6rne\u011fin 1481&#8217;de ravioli makarnadan \u00e7ok mant\u0131y\u0131 hat\u0131rlatmaktad\u0131r. Et, peynir, yumurta ve ot doldurulan hamurlu yemek, daha \u00e7ok bug\u00fcnk\u00fc &#8220;canneloni&#8221; gibidir. Spagettinin Napoli&#8217;de kitlesel \u00fcretime ge\u00e7ilip ah\u015fap \u00e7er\u00e7eveler i\u00e7inde g\u00fcne\u015fte kurutulmas\u0131 ise 1800&#8217;leri bulmu\u015ftur. 1830&#8217;lara kadar hamur elle yo\u011frulurken kar\u0131\u015ft\u0131rma makinesinin geli\u015ftirilmesi makarna \u00fcretimini art\u0131rm\u0131\u015ft\u0131r. \u0130talyan as\u0131ll\u0131 New Yorklu Hector Boiardi \u015fi\u015fede spagetti, teneke kutuda ravioli sat\u0131\u015f\u0131na ba\u015flayarak 1920&#8217;lerde makarnay\u0131 g\u0131da sekt\u00f6r\u00fcn\u00fcn \u00fcr\u00fcn\u00fc haline getirdi ve kurdu\u011fu zincirle b\u00fcy\u00fck bakkallara da\u011f\u0131tmaya ba\u015flad\u0131. 1940&#8217;larda \u0130talyan makarnas\u0131 restoranlara, makarna fabrikalar\u0131 kurulunca da evlere girdi.<\/p>\n<p>T\u00fcrkiye de makarna bi\u00e7imine g\u00f6re d\u00fcd\u00fck, fiyonk, \u00e7ubuk, \u015fehriye veya i\u00e7indekilere g\u00f6re domatesli, yumurta&#8221;, baharatl\u0131 olarak isimlendirilir. Yurt \u00e7ap\u0131nda \u00fcn yapan ilk makarna fabrikalar\u0131 Piyale (1942), Ece (1954), Ruh&#8217;un Ankara Makarnas\u0131 (1959), Ulukartard\u0131r (1961). Zay\u0131flama diyetlerinin her g\u00fcn bas\u0131nda yer ald\u0131\u011f\u0131 bir d\u00f6nem, makarna \u015fi\u015fmanlatmas\u0131 nedeniyle kara listeye al\u0131nm\u0131\u015f, \u00fcreticilerini kar\u015f\u0131 kampanya d\u00fczenlemeye mecbur etmi\u015fti ama, makarnan\u0131n mutfaktaki yeri \u00e7ok sa\u011flamd\u0131r.<\/p>\n","protected":false},"excerpt":{"rendered":"<p>Makarna deyince akla \u0130talyanlar gelir. D\u00fcnya \u00fczerinde en fazla makarna \u00e7e\u015fidi \u0130talyanlarda bulunmaktad\u0131r. Hatta bu \u00a0\u00e7ok \u00e7e\u015fitlilik \u0130talya&#8217;daki makarna t\u00fcrlerini hangi \u015fehrin buldu\u011fu kavgas\u0131na bile neden olur&#8230; Makarnan\u0131n Marco Polo&#8230;<\/p>\n","protected":false},"author":1,"featured_media":0,"comment_status":"closed","ping_status":"closed","sticky":false,"template":"","format":"standard","meta":{"footnotes":""},"categories":[17],"tags":[1818,1819],"class_list":["post-4439","post","type-post","status-publish","format-standard","hentry","category-yiyecek-icecek","tag-makarna","tag-spagetti"],"_links":{"self":[{"href":"https:\/\/www.ilkkimbuldu.com\/index.php?rest_route=\/wp\/v2\/posts\/4439"}],"collection":[{"href":"https:\/\/www.ilkkimbuldu.com\/index.php?rest_route=\/wp\/v2\/posts"}],"about":[{"href":"https:\/\/www.ilkkimbuldu.com\/index.php?rest_route=\/wp\/v2\/types\/post"}],"author":[{"embeddable":true,"href":"https:\/\/www.ilkkimbuldu.com\/index.php?rest_route=\/wp\/v2\/users\/1"}],"replies":[{"embeddable":true,"href":"https:\/\/www.ilkkimbuldu.com\/index.php?rest_route=%2Fwp%2Fv2%2Fcomments&post=4439"}],"version-history":[{"count":3,"href":"https:\/\/www.ilkkimbuldu.com\/index.php?rest_route=\/wp\/v2\/posts\/4439\/revisions"}],"predecessor-version":[{"id":4457,"href":"https:\/\/www.ilkkimbuldu.com\/index.php?rest_route=\/wp\/v2\/posts\/4439\/revisions\/4457"}],"wp:attachment":[{"href":"https:\/\/www.ilkkimbuldu.com\/index.php?rest_route=%2Fwp%2Fv2%2Fmedia&parent=4439"}],"wp:term":[{"taxonomy":"category","embeddable":true,"href":"https:\/\/www.ilkkimbuldu.com\/index.php?rest_route=%2Fwp%2Fv2%2Fcategories&post=4439"},{"taxonomy":"post_tag","embeddable":true,"href":"https:\/\/www.ilkkimbuldu.com\/index.php?rest_route=%2Fwp%2Fv2%2Ftags&post=4439"}],"curies":[{"name":"wp","href":"https:\/\/api.w.org\/{rel}","templated":true}]}}