{"id":4523,"date":"2015-03-19T00:48:36","date_gmt":"2015-03-18T22:48:36","guid":{"rendered":"http:\/\/www.ilkkimbuldu.com\/?p=4523"},"modified":"2016-12-25T22:47:57","modified_gmt":"2016-12-25T20:47:57","slug":"bibloyu-kim-buldu","status":"publish","type":"post","link":"https:\/\/www.ilkkimbuldu.com\/?p=4523","title":{"rendered":"Biblo&#8217;yu kim buldu"},"content":{"rendered":"<p>Bilbonun tarihi eski M\u0131s\u0131ra kadar dayanmaktad\u0131r. Halen Kahire M\u00fczesinde bulunan M\u0131s\u0131r g\u00fcnl\u00fck ya\u015fam\u0131n\u0131 g\u00f6steren bir \u00e7ok biblo yer almaktad\u0131r.<\/p>\n<p>Frans\u0131zca &#8220;bibelot&#8221; s\u00f6zc\u00fc\u011f\u00fc 1432 y\u0131l\u0131na tarihleniyor, biblocu 1484, biblocu d\u00fckk\u00e2n\u0131 ise 1751 tarihli. Frans\u0131z bebekleri, Alman, \u00c7ek porseleni bi\u00e7imiyle yayg\u0131nla\u015fan biblolar\u0131n konular\u0131 18. y\u00fczy\u0131l k\u0131yafedi Avrupal\u0131 \u00e2\u015f\u0131klar, eski Yunan esintili heykelciklerden olu\u015fuyordu.<\/p>\n<p>Topkap\u0131 Saray\u0131&#8217;nda bulunan ve \u00f6zel olarak \u00fcretilen Al\u0131nan Meissen damgal\u0131 porselen yeni\u00e7eri. biblolar 1730-40 tarihini ta\u015f\u0131yor. Aristokrasinin ki\u015fiye \u00f6zel sanatk\u00e2rane i\u015flerinden sonra porselen ve camda seri \u00fcretim, burjuva evlerinin b\u00fcfe vitrin anlay\u0131\u015f\u0131na hizmet vermeye ba\u015fl\u0131yor. Duvara as\u0131lan zenci erkek ve kad\u0131n ba\u015flar\u0131 herhalde T\u00fcrkiye&#8217;de her eve giren ilk biblolar.<\/p>\n<p>Hediyelik e\u015fya kavram\u0131 geli\u015ftik\u00e7e kimli\u011fin biblolara yans\u0131t\u0131lmas\u0131 konu \u00e7e\u015fitlili\u011fini\u00a0art\u0131rd\u0131. Art\u0131k her t\u00fcrl\u00fc malzemeden \u00fcretilen biblolar ele\u015ftirel, esprili, siyasal da olabiliyor ve i\u015fyerlerinde de \u00f6nemli yer tutuyor.<\/p>\n","protected":false},"excerpt":{"rendered":"<p>Bilbonun tarihi eski M\u0131s\u0131ra kadar dayanmaktad\u0131r. Halen Kahire M\u00fczesinde bulunan M\u0131s\u0131r g\u00fcnl\u00fck ya\u015fam\u0131n\u0131 g\u00f6steren bir \u00e7ok biblo yer almaktad\u0131r. Frans\u0131zca &#8220;bibelot&#8221; s\u00f6zc\u00fc\u011f\u00fc 1432 y\u0131l\u0131na tarihleniyor, biblocu 1484, biblocu d\u00fckk\u00e2n\u0131 ise&#8230;<\/p>\n","protected":false},"author":1,"featured_media":0,"comment_status":"closed","ping_status":"closed","sticky":false,"template":"","format":"standard","meta":{"footnotes":""},"categories":[20],"tags":[1850],"class_list":["post-4523","post","type-post","status-publish","format-standard","hentry","category-ev","tag-biblo"],"_links":{"self":[{"href":"https:\/\/www.ilkkimbuldu.com\/index.php?rest_route=\/wp\/v2\/posts\/4523"}],"collection":[{"href":"https:\/\/www.ilkkimbuldu.com\/index.php?rest_route=\/wp\/v2\/posts"}],"about":[{"href":"https:\/\/www.ilkkimbuldu.com\/index.php?rest_route=\/wp\/v2\/types\/post"}],"author":[{"embeddable":true,"href":"https:\/\/www.ilkkimbuldu.com\/index.php?rest_route=\/wp\/v2\/users\/1"}],"replies":[{"embeddable":true,"href":"https:\/\/www.ilkkimbuldu.com\/index.php?rest_route=%2Fwp%2Fv2%2Fcomments&post=4523"}],"version-history":[{"count":2,"href":"https:\/\/www.ilkkimbuldu.com\/index.php?rest_route=\/wp\/v2\/posts\/4523\/revisions"}],"predecessor-version":[{"id":7037,"href":"https:\/\/www.ilkkimbuldu.com\/index.php?rest_route=\/wp\/v2\/posts\/4523\/revisions\/7037"}],"wp:attachment":[{"href":"https:\/\/www.ilkkimbuldu.com\/index.php?rest_route=%2Fwp%2Fv2%2Fmedia&parent=4523"}],"wp:term":[{"taxonomy":"category","embeddable":true,"href":"https:\/\/www.ilkkimbuldu.com\/index.php?rest_route=%2Fwp%2Fv2%2Fcategories&post=4523"},{"taxonomy":"post_tag","embeddable":true,"href":"https:\/\/www.ilkkimbuldu.com\/index.php?rest_route=%2Fwp%2Fv2%2Ftags&post=4523"}],"curies":[{"name":"wp","href":"https:\/\/api.w.org\/{rel}","templated":true}]}}