{"id":4688,"date":"2015-03-16T13:38:23","date_gmt":"2015-03-16T11:38:23","guid":{"rendered":"http:\/\/www.ilkkimbuldu.com\/?p=4688"},"modified":"2015-03-16T13:38:23","modified_gmt":"2015-03-16T11:38:23","slug":"sekeri-kim-buldu","status":"publish","type":"post","link":"https:\/\/www.ilkkimbuldu.com\/?p=4688","title":{"rendered":"\u015eekeri kim buldu"},"content":{"rendered":"<p>\u015eekerkam\u0131\u015f\u0131 Bengal k\u00f6kenlidir. Ad\u0131n\u0131 \u00e7ak\u0131l anlam\u0131nda Sanskrit\u00e7e &#8220;\u00e7arkara&#8221;, Prakrit ve Pali bi\u00e7imiyle &#8220;sakkhara&#8221;dan al\u0131r. Sasani h\u00fck\u00fcmdar\u0131 Keyh\u00fcsrev I. Nu\u015firevan zaman\u0131nda (531-599) Hindistan&#8217;dan \u0130ran&#8217;a getirilmi\u015f, \u00f6nce Suriye sonra M\u0131s\u0131r&#8217;da \u00fcretilmi\u015ftir. Yunanca ve Latincesi de Hint\u00e7eden gelir. M.S. 1. y\u00fczy\u0131lda Bizans&#8217;ta balla kar\u0131\u015ft\u0131r\u0131larak ila\u00e7 olarak t\u00fcketilmi\u015f, nadir bir devad\u0131r.<\/p>\n<p>Bat\u0131&#8217;ya Ha\u00e7l\u0131 Seferleri s\u0131ras\u0131nda &#8220;cassonade&#8221; ad\u0131yla ge\u00e7en esmer renkli bu \u015feker, M\u0131s\u0131r&#8217;da ger\u00e7ekle\u015fen teknik geli\u015fmeyle beyazlat\u0131lm\u0131\u015f ve &#8220;kand&#8221; ad\u0131n\u0131 alm\u0131\u015ft\u0131r. Bu ad\u0131n Araplar\u0131n Girit&#8217;in kandlye \u015fehrinde kurduklar\u0131 fabrikadan geldi\u011fi de ileri s\u00fcr\u00fcl\u00fcr.<\/p>\n<p>Orta \u00e7a\u011fda \u015eam meyveleri ve Suriye \u015fekeriyle yap\u0131lan \u015eam re\u00e7elleri \u00e7ok \u00fcnl\u00fcd\u00fcr. \u015eekerkam\u0131\u015f\u0131 k\u0131sa s\u00fcrede G\u00fcney Fas, \u0130spanya, Ebre Vadisi ve Sicilya&#8217;ya yay\u0131lm\u0131\u015ft\u0131r. \u00dcretilen \u015fekerin (s\u00fckkar) Venedik&#8217;e ilk geli\u015fi (zucchero) 996&#8217;da duyulmu\u015ftur. T\u00fcrk\u00e7ede &#8220;ne \u015eam&#8217;\u0131n \u015fekeri&#8221; deyi\u015finin halen ya\u015famas\u0131 da g\u00f6sterdi\u011fi gibi, \u015eam \u015fekeri y\u0131llarca Bat\u0131&#8217;ya oldu\u011fu kadar Do\u011fu&#8217;ya da sat\u0131lm\u0131\u015ft\u0131r.<\/p>\n<p>Hindistan&#8217;da beyaz \u015fekere \u00c7in&#8217;den al\u0131nd\u0131\u011f\u0131 i\u00e7in &#8220;\u00e7ini&#8221;, \u015fekerkam\u0131\u015f\u0131na M\u0131s\u0131r&#8217;dan geldi\u011fi i\u00e7in &#8220;m\u0131sri&#8221;, kelle \u015fekere ise &#8220;kand&#8221; denir.<\/p>\n<p>\u015eeker, Sasanilerden beri re\u00e7etelerin de\u011fi\u015fmez unsurlar\u0131ndan biriydi ve Avrupa&#8217;da da ila\u00e7 muamelesi g\u00f6rd\u00fc. 1572&#8217;de Ortelius &#8220;Eskiden ila\u00e7 olan \u015fey \u015fimdi yemek oldu&#8221; demektedir. Avrupal\u0131lar\u0131n G\u00fcney Amerika&#8217;ya \u015feker \u00fcretimini sokmas\u0131ndan sonra ihtiyac\u0131n\u0131 buradan kar\u015f\u0131lamaya ba\u015flamas\u0131yla \u015feker t\u00fcketimi yayg\u0131nla\u015ft\u0131. \u015eeker \u00fcretimi ucuz ve bol emek gerektiriyordu. Amerika k\u0131tas\u0131nda k\u00f6leli\u011fin yayg\u0131nla\u015fmas\u0131 pamuk kadar \u015feker plantasyonlar\u0131yla da ilgiliydi. 1783&#8217;te Lord Sheffield, Avrupa&#8217;n\u0131n yar\u0131s\u0131nda \u015fekerin bilinmedi\u011fini d\u00fc\u015f\u00fcnerek, \u015feker t\u00fcketiminin \u00e7ok artmas\u0131n\u0131 bekliyordu. \u0130kinci D\u00fcnya Sava\u015f\u0131 an\u0131lar\u0131nda \u00e7ay\u0131n kuru \u00fcz\u00fcmle i\u00e7ildi\u011fi anlat\u0131ld\u0131\u011f\u0131 gibi, 16.-17. y\u00fczy\u0131lda \u015feker yerine pekmez, bal, \u00fcz\u00fcm suyu kullan\u0131lmas\u0131 ola\u011fand\u0131. Bir defa kaynat\u0131lm\u0131\u015f ve posas\u0131 al\u0131nm\u0131\u015f s\u00fcleymani, eritildikten sonra kal\u0131plara d\u00f6k\u00fclen dibi yuvarlak, tepesi sivri kaniz veya kelle \u015fekeri, \u00fc\u00e7 defa kaynat\u0131l\u0131p beyazlat\u0131lan kand-i, m\u00fckerrer \u00c7e\u015fitleriyle biliniyordu.<\/p>\n<p>Osmanl\u0131 d\u00f6neminde 19. y\u00fczy\u0131ldan itibaren artan \u015feker t\u00fcketimi Avrupa&#8217;dan yap\u0131lan ithalatla kar\u015f\u0131land\u0131 ve \u015fekerin yayg\u0131nla\u015fmas\u0131 Cumhuriyet devrinde \u015feker pancar\u0131 \u00fcretiminin ba\u015flat\u0131lmas\u0131yla ger\u00e7ekle\u015fti.<\/p>\n<p>Pancar 10 2000.de M\u0131s\u0131r&#8217;da biliniyordu, Sicilya&#8217;ya gelmesi M.\u00d6\u00a0100 &#8216;leri buldu. T\u00fcrkiye T\u00fcrk\u00e7esi ve Azericede pancar s\u00f6zc\u00fc\u011f\u00fc Erimenice&#8217;den al\u0131nd\u0131.<\/p>\n","protected":false},"excerpt":{"rendered":"<p>\u015eekerkam\u0131\u015f\u0131 Bengal k\u00f6kenlidir. Ad\u0131n\u0131 \u00e7ak\u0131l anlam\u0131nda Sanskrit\u00e7e &#8220;\u00e7arkara&#8221;, Prakrit ve Pali bi\u00e7imiyle &#8220;sakkhara&#8221;dan al\u0131r. Sasani h\u00fck\u00fcmdar\u0131 Keyh\u00fcsrev I. Nu\u015firevan zaman\u0131nda (531-599) Hindistan&#8217;dan \u0130ran&#8217;a getirilmi\u015f, \u00f6nce Suriye sonra M\u0131s\u0131r&#8217;da \u00fcretilmi\u015ftir. Yunanca&#8230;<\/p>\n","protected":false},"author":1,"featured_media":0,"comment_status":"closed","ping_status":"closed","sticky":false,"template":"","format":"standard","meta":{"footnotes":""},"categories":[17],"tags":[1939,1937,1938],"class_list":["post-4688","post","type-post","status-publish","format-standard","hentry","category-yiyecek-icecek","tag-kesme-seker","tag-seker","tag-toz-seker"],"_links":{"self":[{"href":"https:\/\/www.ilkkimbuldu.com\/index.php?rest_route=\/wp\/v2\/posts\/4688"}],"collection":[{"href":"https:\/\/www.ilkkimbuldu.com\/index.php?rest_route=\/wp\/v2\/posts"}],"about":[{"href":"https:\/\/www.ilkkimbuldu.com\/index.php?rest_route=\/wp\/v2\/types\/post"}],"author":[{"embeddable":true,"href":"https:\/\/www.ilkkimbuldu.com\/index.php?rest_route=\/wp\/v2\/users\/1"}],"replies":[{"embeddable":true,"href":"https:\/\/www.ilkkimbuldu.com\/index.php?rest_route=%2Fwp%2Fv2%2Fcomments&post=4688"}],"version-history":[{"count":1,"href":"https:\/\/www.ilkkimbuldu.com\/index.php?rest_route=\/wp\/v2\/posts\/4688\/revisions"}],"predecessor-version":[{"id":4690,"href":"https:\/\/www.ilkkimbuldu.com\/index.php?rest_route=\/wp\/v2\/posts\/4688\/revisions\/4690"}],"wp:attachment":[{"href":"https:\/\/www.ilkkimbuldu.com\/index.php?rest_route=%2Fwp%2Fv2%2Fmedia&parent=4688"}],"wp:term":[{"taxonomy":"category","embeddable":true,"href":"https:\/\/www.ilkkimbuldu.com\/index.php?rest_route=%2Fwp%2Fv2%2Fcategories&post=4688"},{"taxonomy":"post_tag","embeddable":true,"href":"https:\/\/www.ilkkimbuldu.com\/index.php?rest_route=%2Fwp%2Fv2%2Ftags&post=4688"}],"curies":[{"name":"wp","href":"https:\/\/api.w.org\/{rel}","templated":true}]}}