{"id":4691,"date":"2015-03-16T13:42:36","date_gmt":"2015-03-16T11:42:36","guid":{"rendered":"http:\/\/www.ilkkimbuldu.com\/?p=4691"},"modified":"2015-03-16T13:42:36","modified_gmt":"2015-03-16T11:42:36","slug":"biskuviyi-kim-buldu","status":"publish","type":"post","link":"https:\/\/www.ilkkimbuldu.com\/?p=4691","title":{"rendered":"Bisk\u00fcviyi kim buldu"},"content":{"rendered":"<p>Roma&#8217;da M.\u00d6 3. y\u00fczy\u0131lda Latince bis coctum, yani iki kez pi\u015firilmi\u015f diye adland\u0131r\u0131lan bisk\u00fcviler \u015farapla \u0131slat\u0131larak t\u00fcketiliyordu. Frans\u0131zca&#8217;da 1175, \u0130ngilizce&#8217;de 1330 y\u0131l\u0131nda varl\u0131\u011f\u0131 saptanm\u0131\u015ft\u0131r. \u0130ngiltere&#8217;de gevrek kuru ekmek anlam\u0131ndayken 16.-18. y\u00fczy\u0131llarda Frans\u0131zcadan tekrar al\u0131nt\u0131land\u0131\u011f\u0131 anlam ve bi\u00e7iminden anla\u015f\u0131lmaktad\u0131r.<\/p>\n<p>Bisk\u00fcvi T\u00fcrkiye&#8217;ye de ithal ediliyordu. \u015eemsettin Sami&#8217;nin Frans\u0131zca-T\u00fcrk\u00e7e s\u00f6zl\u00fc\u011f\u00fcnde 1905 y\u0131l\u0131nda &#8220;biscuit&#8221; s\u00f6zc\u00fc\u011f\u00fcn\u00fcn kar\u015f\u0131l\u0131\u011f\u0131 &#8220;peksimet, galeta, yumurtal\u0131 ve \u015fekerli gevrek, bisk\u00fcit&#8221; olarak verilir.<\/p>\n<p>1924 y\u0131l\u0131nda \u00fcretim ba\u015flad\u0131, 1932&#8217;de iki fabrika kuruldu. 1954&#8217;te bantl\u0131 \u00fcretim ba\u015flad\u0131, \u00dclker 1944&#8217;te, Ar\u0131 1949&#8217;da kuruldu ve 1950 lerin sonunda \u0130stanbul&#8217;daki fabrika say\u0131s\u0131 22&#8217;yi buldu. Eti Eski\u015fehir&#8217;de 1972&#8217;de \u00fcretime ba\u015flad\u0131. \u0130lk proteinli bisk\u00fcvi 1992&#8217;de yap\u0131ld\u0131.<\/p>\n<p>G\u0131da sekt\u00f6r\u00fcndeki geli\u015fmelerle \u015feker, pasta, kuru pasta ve kurabiye aras\u0131 say\u0131s\u0131z \u00fcr\u00fcn bir\u00e7ok ad alt\u0131nda \u00fcretilmeye ba\u015fland\u0131, bisk\u00fcvi \u00e7e\u015fitleri de artt\u0131.<\/p>\n","protected":false},"excerpt":{"rendered":"<p>Roma&#8217;da M.\u00d6 3. y\u00fczy\u0131lda Latince bis coctum, yani iki kez pi\u015firilmi\u015f diye adland\u0131r\u0131lan bisk\u00fcviler \u015farapla \u0131slat\u0131larak t\u00fcketiliyordu. Frans\u0131zca&#8217;da 1175, \u0130ngilizce&#8217;de 1330 y\u0131l\u0131nda varl\u0131\u011f\u0131 saptanm\u0131\u015ft\u0131r. \u0130ngiltere&#8217;de gevrek kuru ekmek anlam\u0131ndayken 16.-18&#8230;.<\/p>\n","protected":false},"author":1,"featured_media":0,"comment_status":"closed","ping_status":"closed","sticky":false,"template":"","format":"standard","meta":{"footnotes":""},"categories":[17],"tags":[1940],"class_list":["post-4691","post","type-post","status-publish","format-standard","hentry","category-yiyecek-icecek","tag-biskuvi"],"_links":{"self":[{"href":"https:\/\/www.ilkkimbuldu.com\/index.php?rest_route=\/wp\/v2\/posts\/4691"}],"collection":[{"href":"https:\/\/www.ilkkimbuldu.com\/index.php?rest_route=\/wp\/v2\/posts"}],"about":[{"href":"https:\/\/www.ilkkimbuldu.com\/index.php?rest_route=\/wp\/v2\/types\/post"}],"author":[{"embeddable":true,"href":"https:\/\/www.ilkkimbuldu.com\/index.php?rest_route=\/wp\/v2\/users\/1"}],"replies":[{"embeddable":true,"href":"https:\/\/www.ilkkimbuldu.com\/index.php?rest_route=%2Fwp%2Fv2%2Fcomments&post=4691"}],"version-history":[{"count":1,"href":"https:\/\/www.ilkkimbuldu.com\/index.php?rest_route=\/wp\/v2\/posts\/4691\/revisions"}],"predecessor-version":[{"id":4693,"href":"https:\/\/www.ilkkimbuldu.com\/index.php?rest_route=\/wp\/v2\/posts\/4691\/revisions\/4693"}],"wp:attachment":[{"href":"https:\/\/www.ilkkimbuldu.com\/index.php?rest_route=%2Fwp%2Fv2%2Fmedia&parent=4691"}],"wp:term":[{"taxonomy":"category","embeddable":true,"href":"https:\/\/www.ilkkimbuldu.com\/index.php?rest_route=%2Fwp%2Fv2%2Fcategories&post=4691"},{"taxonomy":"post_tag","embeddable":true,"href":"https:\/\/www.ilkkimbuldu.com\/index.php?rest_route=%2Fwp%2Fv2%2Ftags&post=4691"}],"curies":[{"name":"wp","href":"https:\/\/api.w.org\/{rel}","templated":true}]}}