{"id":4762,"date":"2015-05-09T17:02:30","date_gmt":"2015-05-09T15:02:30","guid":{"rendered":"http:\/\/www.ilkkimbuldu.com\/?p=4762"},"modified":"2018-05-07T15:05:16","modified_gmt":"2018-05-07T13:05:16","slug":"dominoyu-kim-buldu","status":"publish","type":"post","link":"https:\/\/www.ilkkimbuldu.com\/?p=4762","title":{"rendered":"Domino&#8217;yu kim buldu"},"content":{"rendered":"<p>Dominoyu kim icat etti.\u00a0Oyun \u00c7in&#8217;de 12. y\u00fczy\u0131lda bo\u015f ta\u015f olmadan oynan\u0131yordu. Avrupa&#8217;da 18. y\u00fczy\u0131lda \u0130talya&#8217;dan yay\u0131lm\u0131\u015f, \u0130ngiltere&#8217;ye Frans\u0131z mahk\u00fcmlar arac\u0131l\u0131\u011f\u0131yla ge\u00e7mi\u015ftir.<\/p>\n<p>\u0130talyancada kukuletal\u0131 ruhban c\u00fcbbesinden festivallerde giyilen maskara k\u0131yafeti, kukuleta ve g\u00f6zleri \u00f6rten maske anlamlar\u0131n\u0131 kazanm\u0131\u015f olan &#8220;domino&#8221; s\u00f6zc\u00fc\u011f\u00fcnden, oyun kara ta\u015flarla oynan\u0131p, yaln\u0131z g\u00f6zlerin g\u00f6r\u00fcnd\u00fc\u011f\u00fc kara kukuleta veya maskeye benzetilmesi nedeniyle bu ad\u0131 alm\u0131\u015ft\u0131r. Kukuletay\u0131 bug\u00fcn k\u0131\u015flar\u0131 kilise korocular\u0131 giyerler ve ad\u0131n tanr\u0131 s\u00f6zc\u00fc\u011f\u00fcnden geldi\u011fi de iddia edilir.<\/p>\n<p>Eskiden k\u00f6y <a href=\"http:\/\/www.ilkkimbuldu.com\/kahvehaneyi-kim-buldu\/\">kahvelerinde<\/a> dominodan ba\u015fka oyun oynanmazd\u0131. Bir\u00e7ok domino t\u00fcr\u00fcnden T\u00fcrkiye&#8217;de d\u00fcz domino ve aznif oynan\u0131r.<\/p>\n<p>T\u00fcrkiye, G\u00fcney Avrupa ve G\u00fcney Amerika kahvelerinde oynanmaya devam eden domino ta\u015flar\u0131 eskiden kemik, fildi\u015fi, a\u011fa\u00e7 ve metalden yap\u0131l\u0131rd\u0131, bug\u00fcn tabii plastikleri de var.<\/p>\n","protected":false},"excerpt":{"rendered":"<p>Dominoyu kim icat etti.\u00a0Oyun \u00c7in&#8217;de 12. y\u00fczy\u0131lda bo\u015f ta\u015f olmadan oynan\u0131yordu. Avrupa&#8217;da 18. y\u00fczy\u0131lda \u0130talya&#8217;dan yay\u0131lm\u0131\u015f, \u0130ngiltere&#8217;ye Frans\u0131z mahk\u00fcmlar arac\u0131l\u0131\u011f\u0131yla ge\u00e7mi\u015ftir. \u0130talyancada kukuletal\u0131 ruhban c\u00fcbbesinden festivallerde giyilen maskara k\u0131yafeti, kukuleta&#8230;<\/p>\n","protected":false},"author":1,"featured_media":0,"comment_status":"open","ping_status":"closed","sticky":false,"template":"","format":"standard","meta":{"footnotes":""},"categories":[15],"tags":[1975,1976],"class_list":["post-4762","post","type-post","status-publish","format-standard","hentry","category-eglence","tag-domino","tag-domino-tasi"],"_links":{"self":[{"href":"https:\/\/www.ilkkimbuldu.com\/index.php?rest_route=\/wp\/v2\/posts\/4762"}],"collection":[{"href":"https:\/\/www.ilkkimbuldu.com\/index.php?rest_route=\/wp\/v2\/posts"}],"about":[{"href":"https:\/\/www.ilkkimbuldu.com\/index.php?rest_route=\/wp\/v2\/types\/post"}],"author":[{"embeddable":true,"href":"https:\/\/www.ilkkimbuldu.com\/index.php?rest_route=\/wp\/v2\/users\/1"}],"replies":[{"embeddable":true,"href":"https:\/\/www.ilkkimbuldu.com\/index.php?rest_route=%2Fwp%2Fv2%2Fcomments&post=4762"}],"version-history":[{"count":3,"href":"https:\/\/www.ilkkimbuldu.com\/index.php?rest_route=\/wp\/v2\/posts\/4762\/revisions"}],"predecessor-version":[{"id":11544,"href":"https:\/\/www.ilkkimbuldu.com\/index.php?rest_route=\/wp\/v2\/posts\/4762\/revisions\/11544"}],"wp:attachment":[{"href":"https:\/\/www.ilkkimbuldu.com\/index.php?rest_route=%2Fwp%2Fv2%2Fmedia&parent=4762"}],"wp:term":[{"taxonomy":"category","embeddable":true,"href":"https:\/\/www.ilkkimbuldu.com\/index.php?rest_route=%2Fwp%2Fv2%2Fcategories&post=4762"},{"taxonomy":"post_tag","embeddable":true,"href":"https:\/\/www.ilkkimbuldu.com\/index.php?rest_route=%2Fwp%2Fv2%2Ftags&post=4762"}],"curies":[{"name":"wp","href":"https:\/\/api.w.org\/{rel}","templated":true}]}}