{"id":4771,"date":"2015-03-16T17:32:52","date_gmt":"2015-03-16T15:32:52","guid":{"rendered":"http:\/\/www.ilkkimbuldu.com\/?p=4771"},"modified":"2018-09-23T13:42:11","modified_gmt":"2018-09-23T11:42:11","slug":"yerli-mali-haftasini-kim-buldu","status":"publish","type":"post","link":"https:\/\/www.ilkkimbuldu.com\/?p=4771","title":{"rendered":"Yerli Mal\u0131 Haftas\u0131n\u0131 kim buldu"},"content":{"rendered":"<p>1970&#8217;li y\u0131llara kadar \u00e7ocuk \u00e7eki\u015fmelerinde kullan\u0131lan kal\u0131plardan biri &#8220;Yapma!&#8221; ve &#8220;Yapma de\u011fil, Avrupa!&#8221; iken ilkokullarda <strong>Yerli Mal\u0131 Haftas\u0131<\/strong> kutlan\u0131r, \u00e7ocuklardan yerli \u00fcr\u00fcnleri s\u0131n\u0131fa getirmeleri istenir, bundan da \u00fcz\u00fcm, incir, f\u0131nd\u0131k, f\u0131st\u0131k anla\u015f\u0131ld\u0131\u011f\u0131ndan m\u00fcsait olan \u00f6\u011fretmenlerin derslerinde e\u011flence ba\u015flard\u0131.\u00a024 Ocak kararlar\u0131 ile yirmi y\u0131l\u0131 a\u015fk\u0131n s\u00fcredir korumac\u0131l\u0131k ekonomi politikas\u0131 olarak reddedilse de, bu hafta ilkokul programlar\u0131nda yer almaya devam ediyor.<\/p>\n<p>\u0130ttihat\u00e7\u0131lar\u0131n &#8220;Milli \u0130ktisad&#8221; anlay\u0131\u015f\u0131n\u0131 Cumhuriyet devrald\u0131; <strong>4 Nisan 1929&#8217;da ilk Yerli Mallar Haftas\u0131 kutland\u0131<\/strong>, 11 A\u011fustos&#8217;ta Galatasaray Lisesi&#8217;nde yerli mallar sergisi a\u00e7\u0131ld\u0131.<\/p>\n<p>24 Ekim 1929 g\u00fcn\u00fc New York borsas\u0131nda patlayan Kara Cuma krizinden sonra &#8220;29 Bunal\u0131m\u0131&#8221; olarak tarihe ge\u00e7en ekonomik kriz b\u00fct\u00fcn d\u00fcnyada etkisini g\u00f6sterince, sanayile\u015fme hedefine kar\u015f\u0131n, \u00f6zellikle sermaye birikimi, yeti\u015fmi\u015f emek g\u00fcc\u00fc s\u0131k\u0131nt\u0131s\u0131 \u00e7ekilen ekonomide devlet\u00e7ilik program\u0131 ba\u015flatmak zorunda kal\u0131nd\u0131. \u0130thalat\u0131 k\u0131smak, dolay\u0131s\u0131yla yerli mal\u0131 kullanmak ve tasarruf yapmak halka benimsetilmesi gerekli bir devlet politikas\u0131 olarak g\u00f6r\u00fcld\u00fc. Milli iktisat ve Tasarruf Cemiyeti 18 Aral\u0131k 1929&#8217;da kuruldu, TBMM ba\u015fkan\u0131 12-19 Aral\u0131k g\u00fcnleri aras\u0131nda T\u00fcrkiye Sanayi ve Maadin Bankas\u0131 Yerli Mallar Pazar\u0131&#8217;n\u0131 a\u00e7t\u0131. Burada Hereke, Feshane, Beykoz, Bak\u0131rk\u00f6y ve \u00f6zel sekt\u00f6r \u00fcr\u00fcnleri sergilendi.<\/p>\n<p>1931-35 y\u0131llar\u0131 aras\u0131nda kriz, sava\u015f ekonomisinin de etkisiyle derinle\u015fti. Yerli mal\u0131 kullanmak, devlet politikas\u0131 olarak propagandas\u0131 yap\u0131lan ve o zaman\u0131n teknikleriyle g\u00f6steri, afi\u015f ve sergilerle halka mal edilmeye \u00e7al\u0131\u015f\u0131lan bir program oldu. 2000 y\u0131l\u0131na gelindi\u011finde, yerli \u00fcr\u00fcnlerin ithal \u00fcr\u00fcnlerden daha pahal\u0131ya mal edilmesi sonucunu veren uzun s\u00fcreli rantiye ekonomisinden sonra ve Avrupa Birli\u011fi&#8217;ne giri\u015f a\u015famas\u0131nda, ikinci yerli mal kullanma kampanyas\u0131 ba\u015flatanlar oldu ve eski sloganlar canland\u0131r\u0131lmaya \u00e7al\u0131\u015f\u0131ld\u0131. Yerli mal\u0131 T\u00fcrk\u00fcn mal\u0131, herkes onu kullanmal\u0131.<\/p>\n","protected":false},"excerpt":{"rendered":"<p>1970&#8217;li y\u0131llara kadar \u00e7ocuk \u00e7eki\u015fmelerinde kullan\u0131lan kal\u0131plardan biri &#8220;Yapma!&#8221; ve &#8220;Yapma de\u011fil, Avrupa!&#8221; iken ilkokullarda Yerli Mal\u0131 Haftas\u0131 kutlan\u0131r, \u00e7ocuklardan yerli \u00fcr\u00fcnleri s\u0131n\u0131fa getirmeleri istenir, bundan da \u00fcz\u00fcm, incir, f\u0131nd\u0131k,&#8230;<\/p>\n","protected":false},"author":1,"featured_media":0,"comment_status":"closed","ping_status":"closed","sticky":false,"template":"","format":"standard","meta":{"footnotes":""},"categories":[14],"tags":[1981,1982],"class_list":["post-4771","post","type-post","status-publish","format-standard","hentry","category-egitim","tag-yerli-mali","tag-yerli-mali-haftasi"],"_links":{"self":[{"href":"https:\/\/www.ilkkimbuldu.com\/index.php?rest_route=\/wp\/v2\/posts\/4771"}],"collection":[{"href":"https:\/\/www.ilkkimbuldu.com\/index.php?rest_route=\/wp\/v2\/posts"}],"about":[{"href":"https:\/\/www.ilkkimbuldu.com\/index.php?rest_route=\/wp\/v2\/types\/post"}],"author":[{"embeddable":true,"href":"https:\/\/www.ilkkimbuldu.com\/index.php?rest_route=\/wp\/v2\/users\/1"}],"replies":[{"embeddable":true,"href":"https:\/\/www.ilkkimbuldu.com\/index.php?rest_route=%2Fwp%2Fv2%2Fcomments&post=4771"}],"version-history":[{"count":3,"href":"https:\/\/www.ilkkimbuldu.com\/index.php?rest_route=\/wp\/v2\/posts\/4771\/revisions"}],"predecessor-version":[{"id":11847,"href":"https:\/\/www.ilkkimbuldu.com\/index.php?rest_route=\/wp\/v2\/posts\/4771\/revisions\/11847"}],"wp:attachment":[{"href":"https:\/\/www.ilkkimbuldu.com\/index.php?rest_route=%2Fwp%2Fv2%2Fmedia&parent=4771"}],"wp:term":[{"taxonomy":"category","embeddable":true,"href":"https:\/\/www.ilkkimbuldu.com\/index.php?rest_route=%2Fwp%2Fv2%2Fcategories&post=4771"},{"taxonomy":"post_tag","embeddable":true,"href":"https:\/\/www.ilkkimbuldu.com\/index.php?rest_route=%2Fwp%2Fv2%2Ftags&post=4771"}],"curies":[{"name":"wp","href":"https:\/\/api.w.org\/{rel}","templated":true}]}}