{"id":4786,"date":"2015-05-14T18:07:13","date_gmt":"2015-05-14T16:07:13","guid":{"rendered":"http:\/\/www.ilkkimbuldu.com\/?p=4786"},"modified":"2016-12-25T20:45:17","modified_gmt":"2016-12-25T18:45:17","slug":"akordeonu-kim-buldu","status":"publish","type":"post","link":"https:\/\/www.ilkkimbuldu.com\/?p=4786","title":{"rendered":"Akordeon&#8217;u kim buldu"},"content":{"rendered":"<p>Akordeonun patentini 1822&#8217;de Berlin&#8217;de <strong>Friedrich Buschmann<\/strong>, 1829&#8217;da Viyana&#8217;da <strong>Cyril Demian<\/strong> ald\u0131. Buschmann &#8220;<strong>Handaoline<\/strong>&#8220;, Demian &#8220;<strong>Akkordion<\/strong>&#8221; ad\u0131n\u0131 vermi\u015fti. 20. y\u00fczy\u0131l\u0131n ba\u015flar\u0131nda T\u00fcrkiye&#8217;ye girdi. Artvin y\u00f6resinde halk \u00e7alg\u0131s\u0131 olarak kullan\u0131lan firmargon ise ad\u0131n\u0131,\u00a01818&#8217;de Viyana&#8217;da Anton Haeckel taraf\u0131ndan, \u00c7in k\u00f6kenli Rus \u00e7alg\u0131s\u0131 &#8220;\u015feng&#8221;den esinlenerek icat edilen &#8220;fizar-monika&#8221;dan al\u0131r.<\/p>\n<p>Kars ve Kafkas oyunlar\u0131n\u0131n da \u00e7alg\u0131lar\u0131ndan olan akordeona Devlet Konservatuvar\u0131 musiki tarih ve teorisi \u00f6\u011fretmeni Mahmut R. Gazimihal \u00e7ok k\u0131zar; Mus\u0131ki S\u00f6zlii\u011fii&#8217;nde (1961, Milli E\u011fitim Bakanl\u0131\u011f\u0131) \u015funlar\u0131 yazar:<\/p>\n<p>&#8220;B\u00fcy\u00fck orkestrada katiyen yer almay\u0131p, propagandas\u0131 Do\u011fu ve G\u00fcney Avrupa, bilhassa Balkanlar&#8217;a do\u011fru fazlas\u0131yla s\u0131zd\u0131r\u0131lm\u0131\u015ft\u0131r. Konu bir ticaret davas\u0131yd\u0131. En basit el armonikalar\u0131 Erzurum&#8217;a kadar Kafkasya&#8217;dan sokularak do\u011fumuzda davul zurnan\u0131n hayatiyle oynam\u0131\u015ft\u0131. Bu i\u015fde esaretteki Kars arac\u0131 olmu\u015ftu. Akordeonun d\u0131\u015f p\u0131r\u0131lt\u0131s\u0131ndan ba\u015fka hi\u00e7bir sanat de\u011feri yoktur&#8230; sol elin akor d\u00fc\u011fmelerinin yak\u0131\u015ft\u0131rma d\u00fczenlerinin geli\u015fig\u00fczelli\u011file zevki hey-heyli surette tahri\u015f edip durur Modas\u0131 gececektir.&#8221; Bu k\u0131zg\u0131nl\u0131kta belki akordeonu ile \u015fark\u0131lar \u00e7al\u0131p taklit \u00e7\u0131karan Celal \u015eahin&#8217;in de pay\u0131 vard\u0131r.<\/p>\n","protected":false},"excerpt":{"rendered":"<p>Akordeonun patentini 1822&#8217;de Berlin&#8217;de Friedrich Buschmann, 1829&#8217;da Viyana&#8217;da Cyril Demian ald\u0131. Buschmann &#8220;Handaoline&#8220;, Demian &#8220;Akkordion&#8221; ad\u0131n\u0131 vermi\u015fti. 20. y\u00fczy\u0131l\u0131n ba\u015flar\u0131nda T\u00fcrkiye&#8217;ye girdi. Artvin y\u00f6resinde halk \u00e7alg\u0131s\u0131 olarak kullan\u0131lan firmargon ise&#8230;<\/p>\n","protected":false},"author":1,"featured_media":0,"comment_status":"open","ping_status":"closed","sticky":false,"template":"","format":"standard","meta":{"footnotes":""},"categories":[15],"tags":[1993,1995,1994],"class_list":["post-4786","post","type-post","status-publish","format-standard","hentry","category-eglence","tag-akordeon","tag-cyril-demian","tag-friedrich-buschmann"],"_links":{"self":[{"href":"https:\/\/www.ilkkimbuldu.com\/index.php?rest_route=\/wp\/v2\/posts\/4786"}],"collection":[{"href":"https:\/\/www.ilkkimbuldu.com\/index.php?rest_route=\/wp\/v2\/posts"}],"about":[{"href":"https:\/\/www.ilkkimbuldu.com\/index.php?rest_route=\/wp\/v2\/types\/post"}],"author":[{"embeddable":true,"href":"https:\/\/www.ilkkimbuldu.com\/index.php?rest_route=\/wp\/v2\/users\/1"}],"replies":[{"embeddable":true,"href":"https:\/\/www.ilkkimbuldu.com\/index.php?rest_route=%2Fwp%2Fv2%2Fcomments&post=4786"}],"version-history":[{"count":3,"href":"https:\/\/www.ilkkimbuldu.com\/index.php?rest_route=\/wp\/v2\/posts\/4786\/revisions"}],"predecessor-version":[{"id":6844,"href":"https:\/\/www.ilkkimbuldu.com\/index.php?rest_route=\/wp\/v2\/posts\/4786\/revisions\/6844"}],"wp:attachment":[{"href":"https:\/\/www.ilkkimbuldu.com\/index.php?rest_route=%2Fwp%2Fv2%2Fmedia&parent=4786"}],"wp:term":[{"taxonomy":"category","embeddable":true,"href":"https:\/\/www.ilkkimbuldu.com\/index.php?rest_route=%2Fwp%2Fv2%2Fcategories&post=4786"},{"taxonomy":"post_tag","embeddable":true,"href":"https:\/\/www.ilkkimbuldu.com\/index.php?rest_route=%2Fwp%2Fv2%2Ftags&post=4786"}],"curies":[{"name":"wp","href":"https:\/\/api.w.org\/{rel}","templated":true}]}}