{"id":5637,"date":"2016-10-04T21:30:09","date_gmt":"2016-10-04T19:30:09","guid":{"rendered":"http:\/\/www.ilkkimbuldu.com\/?p=5637"},"modified":"2016-12-12T13:31:47","modified_gmt":"2016-12-12T11:31:47","slug":"o-ses-yarismasi-kim-buldu","status":"publish","type":"post","link":"https:\/\/www.ilkkimbuldu.com\/?p=5637","title":{"rendered":"O Ses Yar\u0131\u015fmas\u0131n\u0131 kim buldu"},"content":{"rendered":"<p>&#8220;O Ses&#8221; yada orijinal ad\u0131yla &#8220;The Voice&#8221; bir ses yar\u0131\u015fmas\u0131 program\u0131d\u0131r. \u0130lk olarak Hollanda da &#8220;The Voice of Holland&#8221; ad\u0131yla yay\u0131nlanmaya ba\u015flam\u0131\u015ft\u0131r. Program\u0131 ilk bulan ki\u015fi Hollandal\u0131 yap\u0131mc\u0131 John de Mol&#8217;d\u00fcr. O Ses ilk olarak 2010 y\u0131l\u0131nda Hollanda da, RTL4 kanal\u0131nda yay\u0131nlanm\u0131\u015f ve \u00fclke \u00e7ap\u0131nda inan\u0131lmaz bir ba\u015far\u0131 elde etmi\u015ftir. Bir y\u0131l sonra program 27 Nisan 2011 tarihinde,\u00a0John de Mol ve Mark Burnett yap\u0131mc\u0131l\u0131\u011f\u0131 ile\u00a0Amerikan NBC televizyonunda yay\u0131nlanmaya ba\u015flam\u0131\u015f ve d\u00fcnya \u00e7ap\u0131nda tan\u0131nmaya ba\u015flam\u0131\u015ft\u0131r.<\/p>\n<p>John de Mol, Talpa Media Holding ve T\u00fcrkiye&#8217;de de faaliyet g\u00f6steren Endemol adl\u0131 \u015firketlerin kurucusudur.<\/p>\n<p>2010&#8217;un Aral\u0131k ay\u0131nda NBC <i>The Voice of Holland<\/i> yar\u0131\u015fmas\u0131n\u0131n Amerika versiyonunu haz\u0131rlamay\u0131 d\u00fc\u015f\u00fcnd\u00fcklerini a\u00e7\u0131klad\u0131. Yar\u0131\u015fman\u0131n ilk ismi <i>The Voice of America<\/i> olarak se\u00e7ilse de, se\u00e7melerin yap\u0131laca\u011f\u0131 yerler a\u00e7\u0131kland\u0131\u011f\u0131 tarihlerde ismin <i>The Voice<\/i> olarak k\u0131salt\u0131ld\u0131\u011f\u0131 \u00f6\u011frenildi. \u015eubat ay\u0131n\u0131n sonlar\u0131na do\u011fru, NBC \u015fovun ko\u00e7lar\u0131n\u0131 a\u00e7\u0131klamaya ba\u015flad\u0131. \u00d6nce Cee Lo Green, ard\u0131ndan Adam Levine, Mart ay\u0131nda Christina Aguilera ve ard\u0131ndan \u015fovun son j\u00fcri \u00fcyesi Blake Shelton&#8217;\u0131n isimleri a\u00e7\u0131kland\u0131.<\/p>\n<h2>T\u00fcrkiye&#8217;de O Ses<\/h2>\n<p>D\u00fcnya&#8217;n\u0131n bir \u00e7ok \u00fclkesinde &#8220;The Voice&#8221; ad\u0131yla yay\u0131nlanan bu yar\u0131\u015fma program\u0131 T\u00fcrkiye&#8217;de 10 Ekim 2011 tarihinde Acun Il\u0131cal\u0131 yap\u0131mc\u0131l\u0131\u011f\u0131 ve sunuculu\u011fu ile Show TV&#8217; de yay\u0131nlanmaya ba\u015flam\u0131\u015ft\u0131r. 2012\u20132013 sezonunda Star TV\u00a0de yay\u0131nlanm\u0131\u015ft\u0131r.\u00a0Acun Il\u0131cal\u0131 tv8 kanal\u0131n\u0131 sat\u0131n ald\u0131ktan \u00a02013\u20132014 sezonundan beri bu\u00a0kanalda yay\u0131n hayat\u0131na devam etmektedir.<\/p>\n<h2>Yar\u0131\u015fma Format\u0131<\/h2>\n<p>Programda d\u00f6rt j\u00fcri ve bir sunucu yer almaktad\u0131r. Yar\u0131\u015fma format\u0131 seneden seneye de\u011fi\u015fiklik g\u00f6sterebilmektedir.<\/p>\n<p>Yar\u0131\u015fma format\u0131 \u00fc\u00e7 b\u00f6l\u00fcmden olu\u015fur: k\u00f6r se\u00e7meler, m\u00fccadele a\u015famas\u0131 ve canl\u0131 \u015fovlar. Hepsi \u00fcnl\u00fc m\u00fczisyen olan d\u00f6rt j\u00fcri \u00fcyesi\/ko\u00e7lar, k\u00f6r se\u00e7meler b\u00f6l\u00fcm\u00fcnde tak\u0131m \u00fcyelerini se\u00e7er. Her tak\u0131m \u00fcyelerini ko\u00e7lar\u0131 e\u011fitir ve \u00f6nderlik eder. \u0130kinci b\u00f6l\u00fcmde ko\u00e7lar se\u00e7tikleri tak\u0131m \u00fcyelerine iki\u015ferli halde ayn\u0131 \u015fark\u0131y\u0131 s\u00f6yletir ve ko\u00e7un se\u00e7ti\u011fi isim di\u011fer b\u00f6l\u00fcme atlar. Son b\u00f6l\u00fcmde ise kalan tak\u0131m \u00fcyeleri canl\u0131 \u015fovlarda birbirleriyle yar\u0131\u015f\u0131r. Yar\u0131\u015fmada kimin kal\u0131p kimin gidece\u011fine halk oylar\u0131yla karar verilir.<\/p>\n","protected":false},"excerpt":{"rendered":"<p>&#8220;O Ses&#8221; yada orijinal ad\u0131yla &#8220;The Voice&#8221; bir ses yar\u0131\u015fmas\u0131 program\u0131d\u0131r. \u0130lk olarak Hollanda da &#8220;The Voice of Holland&#8221; ad\u0131yla yay\u0131nlanmaya ba\u015flam\u0131\u015ft\u0131r. Program\u0131 ilk bulan ki\u015fi Hollandal\u0131 yap\u0131mc\u0131 John de&#8230;<\/p>\n","protected":false},"author":1,"featured_media":5721,"comment_status":"open","ping_status":"closed","sticky":false,"template":"","format":"standard","meta":{"footnotes":""},"categories":[15],"tags":[2327,2326,2323,2324,2325,1185],"class_list":["post-5637","post","type-post","status-publish","format-standard","has-post-thumbnail","hentry","category-eglence","tag-acun-ilicali","tag-john-de-mol","tag-o-ses","tag-o-ses-turkiye","tag-the-voice","tag-yarisma"],"_links":{"self":[{"href":"https:\/\/www.ilkkimbuldu.com\/index.php?rest_route=\/wp\/v2\/posts\/5637"}],"collection":[{"href":"https:\/\/www.ilkkimbuldu.com\/index.php?rest_route=\/wp\/v2\/posts"}],"about":[{"href":"https:\/\/www.ilkkimbuldu.com\/index.php?rest_route=\/wp\/v2\/types\/post"}],"author":[{"embeddable":true,"href":"https:\/\/www.ilkkimbuldu.com\/index.php?rest_route=\/wp\/v2\/users\/1"}],"replies":[{"embeddable":true,"href":"https:\/\/www.ilkkimbuldu.com\/index.php?rest_route=%2Fwp%2Fv2%2Fcomments&post=5637"}],"version-history":[{"count":5,"href":"https:\/\/www.ilkkimbuldu.com\/index.php?rest_route=\/wp\/v2\/posts\/5637\/revisions"}],"predecessor-version":[{"id":5723,"href":"https:\/\/www.ilkkimbuldu.com\/index.php?rest_route=\/wp\/v2\/posts\/5637\/revisions\/5723"}],"wp:featuredmedia":[{"embeddable":true,"href":"https:\/\/www.ilkkimbuldu.com\/index.php?rest_route=\/wp\/v2\/media\/5721"}],"wp:attachment":[{"href":"https:\/\/www.ilkkimbuldu.com\/index.php?rest_route=%2Fwp%2Fv2%2Fmedia&parent=5637"}],"wp:term":[{"taxonomy":"category","embeddable":true,"href":"https:\/\/www.ilkkimbuldu.com\/index.php?rest_route=%2Fwp%2Fv2%2Fcategories&post=5637"},{"taxonomy":"post_tag","embeddable":true,"href":"https:\/\/www.ilkkimbuldu.com\/index.php?rest_route=%2Fwp%2Fv2%2Ftags&post=5637"}],"curies":[{"name":"wp","href":"https:\/\/api.w.org\/{rel}","templated":true}]}}