{"id":567,"date":"2010-12-30T21:25:11","date_gmt":"2010-12-30T19:25:11","guid":{"rendered":"http:\/\/www.ilkkimbuldu.com\/?p=567"},"modified":"2016-12-25T18:04:56","modified_gmt":"2016-12-25T16:04:56","slug":"esittir-isaterini-kim-buldu","status":"publish","type":"post","link":"https:\/\/www.ilkkimbuldu.com\/?p=567","title":{"rendered":"E\u015fittir = i\u015faretini kim buldu"},"content":{"rendered":"<p>( = ) olarak g\u00f6sterilen ilk e\u015fit i\u015fareti, 1557 y\u0131l\u0131nda Londra&#8217;da <strong>Robert Recorde<\/strong>\u00a0ad\u0131nda bir Oxfordlu taraf\u0131ndan kullan\u0131ld\u0131. Recard o y\u0131l yay\u0131nlad\u0131\u011f\u0131 &#8220;The Whetstone of Witte&#8221; adl\u0131 cebir kitab\u0131nda, e\u015fittir kavram\u0131n\u0131 ( = ) i\u015fareti ile simgeledi. Neden ba\u015fka bir \u015feyi de\u011fil de, bu simgeyi se\u00e7ti\u011fini soranlara da \u015fu yan\u0131t\u0131 verdi: &#8220;Birbirine paralel iki \u00e7izgiden daha e\u015fit iki \u015fey d\u00fc\u015f\u00fcnemezsiniz.&#8221;<\/p>\n<p>16. y\u00fczy\u0131la kadar b\u00fct\u00fcn matematik\u00e7iler kendilerine has e\u015fittir i\u015faretleri kullan\u0131rlard\u0131 ve ortak bir g\u00f6sterim bi\u00e7imi olmamas\u0131 birbirlerini anlamalar\u0131n\u0131 zorla\u015ft\u0131rmaktayd\u0131.<\/p>\n<p><strong>Robert Recorde<\/strong> 1557 tarihli <b>The Whetstone of Witte<\/b> adl\u0131 yap\u0131t\u0131nda\u00a0: &#8220;<i>E\u015fittir s\u00f6zc\u00fc\u011f\u00fcn\u00fc b\u0131kt\u0131r\u0131c\u0131 bir bi\u00e7imde tekrar tekrar kullanmaktansa genelde \u00e7al\u0131\u015f\u0131rken yapt\u0131\u011f\u0131m gibi paralel iki \u00e7izgi koyaca\u011f\u0131m, \u00e7\u00fcnk\u00fc paralel iki \u00e7izgiden daha e\u015fit bir \u015fey olamaz<\/i>&#8221; diyerek ilk kez kullanm\u0131\u015ft\u0131r.<\/p>\n","protected":false},"excerpt":{"rendered":"<p>( = ) olarak g\u00f6sterilen ilk e\u015fit i\u015fareti, 1557 y\u0131l\u0131nda Londra&#8217;da Robert Recorde\u00a0ad\u0131nda bir Oxfordlu taraf\u0131ndan kullan\u0131ld\u0131. Recard o y\u0131l yay\u0131nlad\u0131\u011f\u0131 &#8220;The Whetstone of Witte&#8221; adl\u0131 cebir kitab\u0131nda, e\u015fittir kavram\u0131n\u0131&#8230;<\/p>\n","protected":false},"author":1,"featured_media":0,"comment_status":"closed","ping_status":"closed","sticky":false,"template":"","format":"standard","meta":{"footnotes":""},"categories":[92,14],"tags":[326,325,2788],"class_list":["post-567","post","type-post","status-publish","format-standard","hentry","category-bilim","category-egitim","tag-esit-isareti","tag-esittir","tag-robert-recorde"],"_links":{"self":[{"href":"https:\/\/www.ilkkimbuldu.com\/index.php?rest_route=\/wp\/v2\/posts\/567"}],"collection":[{"href":"https:\/\/www.ilkkimbuldu.com\/index.php?rest_route=\/wp\/v2\/posts"}],"about":[{"href":"https:\/\/www.ilkkimbuldu.com\/index.php?rest_route=\/wp\/v2\/types\/post"}],"author":[{"embeddable":true,"href":"https:\/\/www.ilkkimbuldu.com\/index.php?rest_route=\/wp\/v2\/users\/1"}],"replies":[{"embeddable":true,"href":"https:\/\/www.ilkkimbuldu.com\/index.php?rest_route=%2Fwp%2Fv2%2Fcomments&post=567"}],"version-history":[{"count":5,"href":"https:\/\/www.ilkkimbuldu.com\/index.php?rest_route=\/wp\/v2\/posts\/567\/revisions"}],"predecessor-version":[{"id":6720,"href":"https:\/\/www.ilkkimbuldu.com\/index.php?rest_route=\/wp\/v2\/posts\/567\/revisions\/6720"}],"wp:attachment":[{"href":"https:\/\/www.ilkkimbuldu.com\/index.php?rest_route=%2Fwp%2Fv2%2Fmedia&parent=567"}],"wp:term":[{"taxonomy":"category","embeddable":true,"href":"https:\/\/www.ilkkimbuldu.com\/index.php?rest_route=%2Fwp%2Fv2%2Fcategories&post=567"},{"taxonomy":"post_tag","embeddable":true,"href":"https:\/\/www.ilkkimbuldu.com\/index.php?rest_route=%2Fwp%2Fv2%2Ftags&post=567"}],"curies":[{"name":"wp","href":"https:\/\/api.w.org\/{rel}","templated":true}]}}