{"id":580,"date":"2010-12-30T21:46:17","date_gmt":"2010-12-30T19:46:17","guid":{"rendered":"http:\/\/www.ilkkimbuldu.com\/?p=580"},"modified":"2016-12-26T21:24:14","modified_gmt":"2016-12-26T19:24:14","slug":"moda-fotografini-kim-buldu","status":"publish","type":"post","link":"https:\/\/www.ilkkimbuldu.com\/?p=580","title":{"rendered":"Moda foto\u011fraf\u0131n\u0131 kim buldu"},"content":{"rendered":"<p>Moda foto\u011fraflar\u0131 ilk kez 1891 y\u0131l\u0131 Aral\u0131k ay\u0131nda, Paris&#8217;te yay\u0131nlanan moda gazetesi &#8220;La Mode Pratique&#8221; de \u00e7\u0131kt\u0131. Foto\u011fraflar, \u00f6zel bir teknikle \u00e7ift, renkli olarak bas\u0131lm\u0131\u015ft\u0131. Ertesi y\u0131l derginin &#8220;Fashions of Today&#8221; ad\u0131yla Londra&#8217;da yay\u0131nlanan \u0130ngilizce bask\u0131s\u0131nda, \u0130ngilizler, \u00fclkelerinde \u00e7\u0131kan ilk moda foto\u011fraflar\u0131n\u0131 g\u00f6rd\u00fcler.<\/p>\n<p>1901 y\u0131l\u0131nda yay\u0131nlanan Les Modes&#8217;a kadar bu konuda ba\u015fka bir \u00e7al\u0131\u015fma g\u00f6r\u00fclmedi. Les Modes yay\u0131n hayat\u0131na at\u0131ld\u0131\u011f\u0131nda, hem konuya ciddi bir yakla\u015f\u0131mda bulundu, hem de modac\u0131 Doris Langley Moore&#8217;un belirtti\u011fi gibi, foto\u011fraflardaki modeller, &#8220;profesyonelli\u011fin iyi birer \u00f6rne\u011fini sergilediler&#8221;. Uluslararas\u0131 bir moda foto\u011fraf\u00e7\u0131s\u0131 taraf\u0131ndan \u00e7ekilen ilk resimler ise, 1911 y\u0131l\u0131 Nisan ay\u0131nda &#8220;Art et Decoration&#8221;da yay\u0131nland\u0131. Bu, L\u00fcksemburg as\u0131ll\u0131 Amerikal\u0131 Edward Steichen&#8217;in Paul Poiret kreasyonlar\u0131 \u00fczerinde yapt\u0131\u011f\u0131 13 foto\u011frafl\u0131k bir \u00e7al\u0131\u015fmayd\u0131.<\/p>\n<p><b>Moda foto\u011fraf\u00e7\u0131l\u0131\u011f\u0131<\/b>, giysi ve di\u011fer moda \u00f6\u011flerin g\u00f6sterilmesiyle ilgilenen bir foto\u011fraf sanat\u0131 t\u00fcr\u00fcd\u00fcr. Moda foto\u011fraf\u00e7\u0131l\u0131\u011f\u0131 sanat\u0131, reklamlar veya <i>Vogue, Vanity Fair, Allure<\/i> gibi moda dergilerine y\u00f6n vermi\u015ftir. Zaman i\u00e7inde giysiler ve modan\u0131n, egzotik mekanlar ve hik\u00e2yeler i\u00e7inde de\u011feri artt\u0131k\u00e7a, Moda foto\u011fraf\u00e7\u0131l\u0131\u011f\u0131 kendi esteti\u011fi i\u00e7inde geli\u015fmi\u015ftir.<\/p>\n","protected":false},"excerpt":{"rendered":"<p>Moda foto\u011fraflar\u0131 ilk kez 1891 y\u0131l\u0131 Aral\u0131k ay\u0131nda, Paris&#8217;te yay\u0131nlanan moda gazetesi &#8220;La Mode Pratique&#8221; de \u00e7\u0131kt\u0131. Foto\u011fraflar, \u00f6zel bir teknikle \u00e7ift, renkli olarak bas\u0131lm\u0131\u015ft\u0131. Ertesi y\u0131l derginin &#8220;Fashions of&#8230;<\/p>\n","protected":false},"author":1,"featured_media":0,"comment_status":"closed","ping_status":"closed","sticky":false,"template":"","format":"standard","meta":{"footnotes":""},"categories":[16],"tags":[518,960,2830,332],"class_list":["post-580","post","type-post","status-publish","format-standard","hentry","category-moda","tag-fotograf","tag-moda-2","tag-moda-fotografciligi","tag-moda-fotografi"],"_links":{"self":[{"href":"https:\/\/www.ilkkimbuldu.com\/index.php?rest_route=\/wp\/v2\/posts\/580"}],"collection":[{"href":"https:\/\/www.ilkkimbuldu.com\/index.php?rest_route=\/wp\/v2\/posts"}],"about":[{"href":"https:\/\/www.ilkkimbuldu.com\/index.php?rest_route=\/wp\/v2\/types\/post"}],"author":[{"embeddable":true,"href":"https:\/\/www.ilkkimbuldu.com\/index.php?rest_route=\/wp\/v2\/users\/1"}],"replies":[{"embeddable":true,"href":"https:\/\/www.ilkkimbuldu.com\/index.php?rest_route=%2Fwp%2Fv2%2Fcomments&post=580"}],"version-history":[{"count":4,"href":"https:\/\/www.ilkkimbuldu.com\/index.php?rest_route=\/wp\/v2\/posts\/580\/revisions"}],"predecessor-version":[{"id":7435,"href":"https:\/\/www.ilkkimbuldu.com\/index.php?rest_route=\/wp\/v2\/posts\/580\/revisions\/7435"}],"wp:attachment":[{"href":"https:\/\/www.ilkkimbuldu.com\/index.php?rest_route=%2Fwp%2Fv2%2Fmedia&parent=580"}],"wp:term":[{"taxonomy":"category","embeddable":true,"href":"https:\/\/www.ilkkimbuldu.com\/index.php?rest_route=%2Fwp%2Fv2%2Fcategories&post=580"},{"taxonomy":"post_tag","embeddable":true,"href":"https:\/\/www.ilkkimbuldu.com\/index.php?rest_route=%2Fwp%2Fv2%2Ftags&post=580"}],"curies":[{"name":"wp","href":"https:\/\/api.w.org\/{rel}","templated":true}]}}