{"id":6210,"date":"2016-12-22T23:37:26","date_gmt":"2016-12-22T21:37:26","guid":{"rendered":"http:\/\/www.ilkkimbuldu.com\/?p=6210"},"modified":"2016-12-23T00:19:10","modified_gmt":"2016-12-22T22:19:10","slug":"sozcu-gazetesi-kimin","status":"publish","type":"post","link":"https:\/\/www.ilkkimbuldu.com\/?p=6210","title":{"rendered":"S\u00f6zc\u00fc Gazetesi Kimin"},"content":{"rendered":"<p>S\u00f6zc\u00fc g\u00fcnl\u00fck T\u00fcrk gazetesidir. S\u00f6zc\u00fc gazetesi 2007 y\u0131l\u0131 Haziran ay\u0131nda kuruldu. Bir s\u00fcre Do\u011fan Yay\u0131n Holding \u00e7at\u0131s\u0131 alt\u0131nda yay\u0131nlanan G\u00f6zc\u00fc gazetesinin kapanmas\u0131n\u0131n ard\u0131ndan Estetik Yay\u0131nc\u0131l\u0131k A.\u015e. isim haklar\u0131n\u0131 sat\u0131n ald\u0131.\u00a0S\u00f6zc\u00fc, ilk kez 27 Haziran 2007&#8217;de yay\u0131nland\u0131 ve \u00fclke \u00e7ap\u0131nda da\u011f\u0131t\u0131ld\u0131. \u00a02016 Kas\u0131m itibar\u0131yla, T\u00fcrkiye&#8217;de g\u00fcnde 280.000 adet ile \u00a0en \u00e7ok sat\u0131lan d\u00f6rd\u00fcnc\u00fc \u00a0gazetedir.<\/p>\n<h2>S\u00f6zc\u00fc Gazetesini Kim Kurdu<\/h2>\n<p>Do\u011fu\u015f Yay\u0131n Grubu taraf\u0131ndan 15 May\u0131s 1996&#8217;da yay\u0131na ba\u015flayan ve 1 Nisan 2007&#8217;de yay\u0131na son verilen . G\u00f6zc\u00fc Gazetesi, \u00e7al\u0131\u015fanlar\u0131 taraf\u0131ndan devral\u0131nd\u0131 ve ad\u0131 S\u00f6zc\u00fc olarak de\u011fi\u015ftirildi. Estetik Yay\u0131nc\u0131l\u0131k A.\u015e. b\u00fcnyesinde yay\u0131n hayat\u0131na ba\u015flayan gazete, ilk yay\u0131nland\u0131\u011f\u0131 g\u00fcnlerde gazete 60.000 adet\u00a0sat\u0131ld\u0131. Eyl\u00fcl 2008&#8217;de gazetenin ortalama tiraj\u0131 150.000 idi. Aral\u0131k 2010&#8217;da bu say\u0131 210.000&#8217;e ula\u015ft\u0131.<\/p>\n<h2>Burak Akbay<\/h2>\n<p><b>Burak Akbay<\/b> 1971\u2019de \u0130stanbul\u2019da do\u011fdu. T\u00fcrkiye\u2019deki e\u011fitimine Ma\u00e7ka \u0130lkokulu\u2019nda ba\u015flay\u0131p, ard\u0131ndan \u00d6zel Dost Lisesi\u2019nde liseyi bitirdikten sonra \u00fcniversite e\u011fitimini, \u0130ngilizce ve Frans\u0131zca, Pazarlama ve \u0130dari i\u015fletme \u00fczerine \u0130svi\u00e7re\u2019de, \u00a0American College of Switzerland da tamamlad\u0131. \u00d6\u011freninmini tamamlad\u0131ktan sonra T\u00fcrkiye&#8217;ye d\u00f6nen Akbay, i\u015f hayat\u0131na \u0130stanbul\u2019da kurdu\u011fu ilk matbaa ile T\u00fcrk ve yabanc\u0131 uyruklu farkl\u0131 gazetelerin bask\u0131lar\u0131 ile ba\u015flayan ve ilerleyen y\u0131llarda bir spor gazetesi ile yay\u0131nc\u0131l\u0131k hayat\u0131na giren Akbay, 2007 de S\u00f6zc\u00fc gazetesini kurmu\u015ftur. Evli ve g\u00fcn\u00fcm\u00fczde halen hi\u00e7bir kurum ve kurulu\u015fa ba\u011fl\u0131 olmayan S\u00f6zc\u00fc gazetesi sahibi ve y\u00f6neticisidir. Ayn\u0131 zamanda Korkusuz ve AMK gazetelerinin de imtiyaz sahibidir.<\/p>\n<p>Siyasi olarak Atat\u00fcrk&#8217;\u00e7\u00fc ve milliyet\u00e7i\u00a0bir \u00e7izgiye sahip olan gazete \u00f6zellikle, 2002 y\u0131l\u0131ndan beri T\u00fcrkiye&#8217;yi y\u00f6neten (Adalet ve Kalk\u0131nma Partisi ya da AKP )\u00a0iktidar partisini a\u00e7\u0131k\u00e7a ele\u015ftiren bir tutum sergiledi. Gazetenin siyasi g\u00f6r\u00fc\u015f\u00fc ile ayn\u0131 d\u00fczlemde olan okuyucu kitlesinin ilgisiyle\u00a0\u00fclkenin d\u00f6rd\u00fcnc\u00fc en \u00e7ok satan gazetesi oldu. Kendisi ile ayn\u0131 \u00e7izgide olan di\u011fer gazeteler olan Cumhuriyet ve BirG\u00fcn&#8217;den \u00e7ok daha g\u00fc\u00e7l\u00fc bir milliyet\u00e7i ve Kemalist siyasi y\u00f6nelim benimsedi.<\/p>\n<p>2014 y\u0131l\u0131nda ise 402.870 tiraj ile <i>Zaman<\/i>&#8216;\u0131n ard\u0131ndan T\u00fcrkiye&#8217;nin en \u00e7ok tiraja sahip olan 2. gazetesi olmu\u015ftur.\u00a08 May\u0131s 2016 tarihi itibari ile, g\u00fcnl\u00fck ortalama 288.649 adet tiraj\u0131 ile <i>H\u00fcrriyet<\/i>, <i>Sabah<\/i> ve <i>Posta<\/i> gazetelerinin ard\u0131ndan en \u00e7ok tiraj yapan d\u00f6rd\u00fcnc\u00fc gazetedir.<\/p>\n<p>Gazetenin \u00f6nemli yazarlar\u0131ndan biri olan Necati Do\u011fru&#8217;ya &#8220;Toplumsal Saydaml\u0131k Derne\u011fi&#8221; taraf\u0131ndan Yolsuzlukla M\u00fccadele ve D\u00fcr\u00fcstl\u00fck \u00d6d\u00fcl\u00fc, \u00a0verilmi\u015ftir.<\/p>\n<p>Bat\u0131 Avrupa T\u00fcrkleri&#8217;ne y\u00f6nelik S\u00f6zc\u00fc bask\u0131s\u0131 Almanya&#8217;da bas\u0131lmaktad\u0131r.<\/p>\n<h2>Ba\u015fl\u0131ca S\u00f6zc\u00fc Gazetesi Yazarlar\u0131<\/h2>\n<table class=\"multicol\">\n<tbody>\n<tr>\n<td>\n<ul>\n<li>Y\u0131lmaz \u00d6zdil<\/li>\n<li>Emin \u00c7\u00f6la\u015fan<\/li>\n<li>Rahmi Turan<\/li>\n<li>U\u011fur D\u00fcndar<\/li>\n<li>Bekir Co\u015fkun<\/li>\n<li>Mehmet T\u00fcrker<\/li>\n<li>Necati Do\u011fru<\/li>\n<li>Sayg\u0131 \u00d6zt\u00fcrk<\/li>\n<li>Soner Yal\u00e7\u0131n<\/li>\n<li>Yekta G\u00fcng\u00f6r \u00d6zden<\/li>\n<li>Kemal Bayta\u015f<\/li>\n<li>Ege Cansen<\/li>\n<li>Ay\u015fe Sucu<\/li>\n<li>Nasuh Mahruki<\/li>\n<\/ul>\n<\/td>\n<td>\n<ul>\n<li>Ziya Saylanl<\/li>\n<li>Nilay \u00d6rnek<\/li>\n<li>Burak G\u00f6ral<\/li>\n<li>Murat Murato\u011flu<\/li>\n<li>Zeynep G\u00fcrcanl\u0131<\/li>\n<li>Demet Cengiz<\/li>\n<li>Oray E\u011fin<\/li>\n<li>Din\u00e7er G\u00fcner<\/li>\n<li>\u00d6zlem G\u00fcrses<\/li>\n<li>Taylan K\u00fcmeli<\/li>\n<li>Rah\u015fan G\u00fcl\u015fan<\/li>\n<li>P\u0131nar Turan<\/li>\n<li>Vahe K\u0131l\u0131\u00e7arslan<\/li>\n<\/ul>\n<\/td>\n<\/tr>\n<\/tbody>\n<\/table>\n<h2><span id=\"Grup_.C5.9Eirketleri\" class=\"mw-headline\">Di\u011fer Yay\u0131nlar\u0131<\/span><\/h2>\n<ul>\n<li><i>Korkusuz<\/i> gazetesi<\/li>\n<li><i>AMK<\/i> gazetesi<\/li>\n<li><i>G\u0131rg\u0131r<\/i> dergisi<\/li>\n<\/ul>\n","protected":false},"excerpt":{"rendered":"<p>S\u00f6zc\u00fc g\u00fcnl\u00fck T\u00fcrk gazetesidir. S\u00f6zc\u00fc gazetesi 2007 y\u0131l\u0131 Haziran ay\u0131nda kuruldu. Bir s\u00fcre Do\u011fan Yay\u0131n Holding \u00e7at\u0131s\u0131 alt\u0131nda yay\u0131nlanan G\u00f6zc\u00fc gazetesinin kapanmas\u0131n\u0131n ard\u0131ndan Estetik Yay\u0131nc\u0131l\u0131k A.\u015e. isim haklar\u0131n\u0131 sat\u0131n ald\u0131.\u00a0S\u00f6zc\u00fc,&#8230;<\/p>\n","protected":false},"author":1,"featured_media":6213,"comment_status":"open","ping_status":"closed","sticky":false,"template":"","format":"standard","meta":{"footnotes":""},"categories":[317],"tags":[2595,2593,2609,2596,2594],"class_list":["post-6210","post","type-post","status-publish","format-standard","has-post-thumbnail","hentry","category-is-dunyasi","tag-sozcu","tag-sozcu-gazete-kimin","tag-sozcu-gazetesi-sahibi","tag-sozcu-kim-kurdu","tag-sozcu-kimin"],"_links":{"self":[{"href":"https:\/\/www.ilkkimbuldu.com\/index.php?rest_route=\/wp\/v2\/posts\/6210"}],"collection":[{"href":"https:\/\/www.ilkkimbuldu.com\/index.php?rest_route=\/wp\/v2\/posts"}],"about":[{"href":"https:\/\/www.ilkkimbuldu.com\/index.php?rest_route=\/wp\/v2\/types\/post"}],"author":[{"embeddable":true,"href":"https:\/\/www.ilkkimbuldu.com\/index.php?rest_route=\/wp\/v2\/users\/1"}],"replies":[{"embeddable":true,"href":"https:\/\/www.ilkkimbuldu.com\/index.php?rest_route=%2Fwp%2Fv2%2Fcomments&post=6210"}],"version-history":[{"count":3,"href":"https:\/\/www.ilkkimbuldu.com\/index.php?rest_route=\/wp\/v2\/posts\/6210\/revisions"}],"predecessor-version":[{"id":6214,"href":"https:\/\/www.ilkkimbuldu.com\/index.php?rest_route=\/wp\/v2\/posts\/6210\/revisions\/6214"}],"wp:featuredmedia":[{"embeddable":true,"href":"https:\/\/www.ilkkimbuldu.com\/index.php?rest_route=\/wp\/v2\/media\/6213"}],"wp:attachment":[{"href":"https:\/\/www.ilkkimbuldu.com\/index.php?rest_route=%2Fwp%2Fv2%2Fmedia&parent=6210"}],"wp:term":[{"taxonomy":"category","embeddable":true,"href":"https:\/\/www.ilkkimbuldu.com\/index.php?rest_route=%2Fwp%2Fv2%2Fcategories&post=6210"},{"taxonomy":"post_tag","embeddable":true,"href":"https:\/\/www.ilkkimbuldu.com\/index.php?rest_route=%2Fwp%2Fv2%2Ftags&post=6210"}],"curies":[{"name":"wp","href":"https:\/\/api.w.org\/{rel}","templated":true}]}}