{"id":6215,"date":"2016-12-01T23:44:50","date_gmt":"2016-12-01T21:44:50","guid":{"rendered":"http:\/\/www.ilkkimbuldu.com\/?p=6215"},"modified":"2016-12-24T05:31:17","modified_gmt":"2016-12-24T03:31:17","slug":"turkiye-gazetesi-kimin","status":"publish","type":"post","link":"https:\/\/www.ilkkimbuldu.com\/?p=6215","title":{"rendered":"T\u00fcrkiye Gazetesi kimin"},"content":{"rendered":"<p>Yay\u0131n hayat\u0131na 22 Nisan 1970 tarihinde ba\u015flayan T\u00fcrkiye Gazetesi kurulu\u015fundan bug\u00fcne sahibi ve yay\u0131n politikas\u0131 de\u011fi\u015fmemi\u015f tek ulusal gazete olarak faaliyetlerine devam etmektedir.\u00a0T\u00fcrkiye Gazetesi, bayiden sat\u0131\u015f\u0131n yan\u0131 s\u0131ra, D\u00fcnya&#8217;da \u00f6zellikle A.B.D. ve Japonya\u2019da \u00e7ok yayg\u0131n olarak uygulanan elden da\u011f\u0131t\u0131m sistemi modelinin T\u00fcrkiye\u2019deki ilk uygulay\u0131c\u0131s\u0131 olarak, ev ve i\u015fyerlerine do\u011frudan gazete da\u011f\u0131t\u0131m\u0131 yapmaktad\u0131r.<\/p>\n<h2>T\u00fcrkiye Gazetesinin Kurucusu Kim<\/h2>\n<p>T\u00fcrkiye Gazetesi, Dr. Enver \u00d6ren taraf\u0131ndan 22 Nisan 1970\u2019de \u201cHakikat\u201d ismi ile kuruldu.\u00a030 Nisan 1972\u2019de \u201cHakikat\u201d ismi \u201cT\u00fcrkiye\u201d olarak de\u011fi\u015ftirildi.\u00a01978 y\u0131l\u0131nda Dr. Enver \u00d6ren\u2019in Japonya\u2019da kat\u0131ld\u0131\u011f\u0131 FIEJ Kongresi\u2019nde Asahi Shimbun\u2019la tan\u0131\u015fmas\u0131n\u0131n ard\u0131ndan T\u00fcrkiye Gazetesi elden da\u011f\u0131t\u0131m sistemine ba\u015flad\u0131.<\/p>\n<p>1980\u2019de gazete da\u011f\u0131t\u0131m te\u015fkilat\u0131n\u0131 kullan\u0131larak pazarlama faaliyetlerine\u00a0ba\u015flad\u0131.\u00a01981 y\u0131l\u0131nda kendi bask\u0131 tesislerini kurarak ofset sistemine ge\u00e7ti.<\/p>\n<p>1 Ekim 1982\u2019de T\u00fcrkiye Gazetesi \u00c7ocuk Dergisi yay\u0131n hayat\u0131na girdi.\u00a01 May\u0131s 1982\u2019de \u0130ngilizce Made in Turkey ilavesi yay\u0131na ba\u015flad\u0131.\u00a01983 y\u0131l\u0131nda bask\u0131 makinelerini kendisi \u00fcretmeye ba\u015flad\u0131.\u00a0Bu ofset makineleri Ankara, Adana, Erzurum ve Samsun&#8217;da kuruldu.<\/p>\n<p>1985 y\u0131l\u0131nda T\u00fcrkiye Gazetesi sekiz sayfadan 12 sayfaya \u00e7\u0131kar\u0131ld\u0131, tiraj\u0131 119 bine ula\u015ft\u0131.\u00a01986 y\u0131l\u0131nda Gazete\u2019nin tiraj\u0131 300 bini buldu.\u00a01989\u2019da T\u00fcrkiye Gazetesi\u2019nin sayfa say\u0131s\u0131 12\u2019den 16\u2019ya \u00e7\u0131kt\u0131.<\/p>\n<p>3 \u015eubat 1987\u2019den itibaren Avrupa\u2019da (Frankfurt) bask\u0131ya ba\u015flad\u0131.<\/p>\n<p>17 Mart 1987\u2019de T\u00fcrk Bas\u0131n Birli\u011fi taraf\u0131ndan \u201cY\u0131l\u0131n Gazetesi\u201d se\u00e7ildi.\u00a024 Ekim 1987\u2019de \u0130stanbul Sanayi Odas\u0131\u2019n\u0131n ara\u015ft\u0131rmas\u0131nda T\u00fcrkiye Gazetesi\u2019nin b\u00fcy\u00fck firmalar s\u0131ralamas\u0131nda bas\u0131n sekt\u00f6r\u00fcnde ikinci durumda oldu\u011fu a\u00e7\u0131kland\u0131.<\/p>\n<p>29 Kas\u0131m 1990\u2019da gazetecilik sekt\u00f6r\u00fcnde T\u00fcrkiye\u2019de k\u0131r\u0131lmas\u0131 zor bir rekora imza atarak 1,361,553 net sat\u0131\u015fa ula\u015ft\u0131.<\/p>\n<p>1991\u2019de Gazete bilgisayar ortam\u0131nda haz\u0131rlanmaya ve di\u011fer bask\u0131 merkezlerine online sistemle transfer edilmeye ba\u015fland\u0131.\u00a01998 y\u0131l\u0131nda, T\u00fcrkiye\u2019nin en modern ve en b\u00fcy\u00fck medya merkezlerinden birine, \u0130hlas Medya Plaza\u2019ya ta\u015f\u0131n\u0131ld\u0131.\u00a0Gazetelerin ve da\u011f\u0131t\u0131m \u015firketlerinin genel yap\u0131lanma e\u011filimine paralel olarak Samsun Bask\u0131 Tesisleri Trabzon\u2019a 2001, Erzurum Bask\u0131 Tesisleri ise Antalya\u2019ya 2000 y\u0131llar\u0131nda ta\u015f\u0131nd\u0131.<\/p>\n<p>3 Aral\u0131k 2008 tarihinde TSE taraf\u0131ndan TSE H\u0130ZMET YETERL\u0130L\u0130K BELGES\u0130 verildi.\u00a021 A\u011fustos 2009 tarihinde Alberk QA taraf\u0131ndan ISO 9001:2008 KAL\u0130TE Y\u00d6NET\u0130M S\u0130STEM\u0130 BELGES\u0130 verildi.<\/p>\n<p>15 A\u011fustos 2000 tarihinde, \u0130hlas Gazetecilik A.\u015e. kuruldu ve bu tarihten itibaren T\u00fcrkiye Gazetesi, \u0130hlas Gazetecilik A.\u015e. taraf\u0131ndan yay\u0131nlanmaya ba\u015fland\u0131.<\/p>\n<p>22 Nisan 2010 y\u0131l\u0131nda 40. y\u0131l\u0131n\u0131 kutlayan T\u00fcrkiye Gazetesi, ge\u00e7en 40 y\u0131ll\u0131k s\u00fcre i\u00e7inde sahiplik yap\u0131s\u0131 ve yay\u0131n kriterleri ilk g\u00fcnden beri de\u011fi\u015fmemi\u015f tek ulusal gazete olarak faaliyetlerine devam etmektedir.\u00a0Halka arz \u00e7al\u0131\u015fmalar\u0131n\u0131 tamamlamas\u0131n\u0131n ard\u0131ndan 14 Haziran 2010 tarihinde \u0130hlas Gazetecilik A.\u015e. hisse senetleri IHGZT ISIN kodu ile \u0130MKB\u2019de i\u015flem g\u00f6rmeye ba\u015flad\u0131.\u00a01 Aral\u0131k 2011 tarihinde QC100 Toplam Kalite Y\u00f6netimi Modeli kriterleri kapsam\u0131nda \u0130hlas Gazetecilik A.\u015e. Alt\u0131n kategoride International Quality Crown (IQC-Uluslararas\u0131 Kalite Tac\u0131) \u00f6d\u00fcl\u00fcn\u00fc almaya hak kazand\u0131.<\/p>\n<p>11 Temmuz 2012 y\u0131l\u0131nda D\u00fcnya T\u00fcketici Akademisi\u2019nin d\u00fczenledi\u011fi Uluslararas\u0131 T\u00fcketici Zirvesi\u2019nde gazetemiz \u201cKalite Star\u0131\u201d \u00f6d\u00fcl\u00fcne lay\u0131k g\u00f6r\u00fcld\u00fc.\u00a022 Ekim 2012 D\u00fcnyan\u0131n en itibarl\u0131 halkla ili\u015fkiler platformu LACP taraf\u0131ndan d\u00fczenlenen \u201cVizyon \u00d6d\u00fclleri\u201d yar\u0131\u015fmas\u0131nda \u0130hlas Gazetecilik 2011 Faaliyet Raporu, d\u00fcnya ikincili\u011finin sahibi oldu.<\/p>\n<p>1 Ocak 2013 tarihinde Gazete\u2019nin ebad\u0131 daralt\u0131larak yeni boyutuyla daha rahat okunabilir hale getirilmi\u015ftir.<\/p>\n<p>&nbsp;<\/p>\n<p>17 Eyl\u00fcl 2013 tarihinde logosunda revizyona giden gazete, yazar kadrosunu da \u00fcnl\u00fc isimlerle g\u00fc\u00e7lendirdi.<\/p>\n<p>31 Aral\u0131k 2014\u2019te \u0130hlas Gazetecilik A.\u015e., \u0130hlas Haber Ajans\u0131 A.\u015e.\u2019ye ortak oldu.<\/p>\n<p>2015 y\u0131l\u0131nda haber sitesi, mobil sistem ve sosyal medya ara\u00e7lar\u0131n\u0131n takibinin art\u0131r\u0131lmas\u0131na y\u00f6nelik yeni uygulamalar i\u00e7in yat\u0131r\u0131mlar yap\u0131ld\u0131.<\/p>\n<p>2016 tarihi itibariyle Y\u00f6netim Kurulu Ba\u015fkan\u0131 ve\u00a0Genel Yay\u0131n Y\u00f6netmeni\u00a0\u0130SMA\u0130L KAPAN d\u0131r.<\/p>\n","protected":false},"excerpt":{"rendered":"<p>Yay\u0131n hayat\u0131na 22 Nisan 1970 tarihinde ba\u015flayan T\u00fcrkiye Gazetesi kurulu\u015fundan bug\u00fcne sahibi ve yay\u0131n politikas\u0131 de\u011fi\u015fmemi\u015f tek ulusal gazete olarak faaliyetlerine devam etmektedir.\u00a0T\u00fcrkiye Gazetesi, bayiden sat\u0131\u015f\u0131n yan\u0131 s\u0131ra, D\u00fcnya&#8217;da \u00f6zellikle&#8230;<\/p>\n","protected":false},"author":1,"featured_media":6216,"comment_status":"open","ping_status":"closed","sticky":false,"template":"","format":"standard","meta":{"footnotes":""},"categories":[317],"tags":[2688],"class_list":["post-6215","post","type-post","status-publish","format-standard","has-post-thumbnail","hentry","category-is-dunyasi","tag-turkiye-gazetesi"],"_links":{"self":[{"href":"https:\/\/www.ilkkimbuldu.com\/index.php?rest_route=\/wp\/v2\/posts\/6215"}],"collection":[{"href":"https:\/\/www.ilkkimbuldu.com\/index.php?rest_route=\/wp\/v2\/posts"}],"about":[{"href":"https:\/\/www.ilkkimbuldu.com\/index.php?rest_route=\/wp\/v2\/types\/post"}],"author":[{"embeddable":true,"href":"https:\/\/www.ilkkimbuldu.com\/index.php?rest_route=\/wp\/v2\/users\/1"}],"replies":[{"embeddable":true,"href":"https:\/\/www.ilkkimbuldu.com\/index.php?rest_route=%2Fwp%2Fv2%2Fcomments&post=6215"}],"version-history":[{"count":1,"href":"https:\/\/www.ilkkimbuldu.com\/index.php?rest_route=\/wp\/v2\/posts\/6215\/revisions"}],"predecessor-version":[{"id":6217,"href":"https:\/\/www.ilkkimbuldu.com\/index.php?rest_route=\/wp\/v2\/posts\/6215\/revisions\/6217"}],"wp:featuredmedia":[{"embeddable":true,"href":"https:\/\/www.ilkkimbuldu.com\/index.php?rest_route=\/wp\/v2\/media\/6216"}],"wp:attachment":[{"href":"https:\/\/www.ilkkimbuldu.com\/index.php?rest_route=%2Fwp%2Fv2%2Fmedia&parent=6215"}],"wp:term":[{"taxonomy":"category","embeddable":true,"href":"https:\/\/www.ilkkimbuldu.com\/index.php?rest_route=%2Fwp%2Fv2%2Fcategories&post=6215"},{"taxonomy":"post_tag","embeddable":true,"href":"https:\/\/www.ilkkimbuldu.com\/index.php?rest_route=%2Fwp%2Fv2%2Ftags&post=6215"}],"curies":[{"name":"wp","href":"https:\/\/api.w.org\/{rel}","templated":true}]}}