{"id":636,"date":"2011-01-02T02:23:59","date_gmt":"2011-01-02T00:23:59","guid":{"rendered":"http:\/\/www.ilkkimbuldu.com\/?p=636"},"modified":"2018-02-19T12:29:38","modified_gmt":"2018-02-19T10:29:38","slug":"film-renklendirme-yontemini-kim-buldu","status":"publish","type":"post","link":"https:\/\/www.ilkkimbuldu.com\/?p=636","title":{"rendered":"Film Renklendirme Y\u00f6ntemini kim buldu"},"content":{"rendered":"<p>Ticari a\u00e7\u0131dan ba\u015far\u0131l\u0131 olan ilk y\u00f6ntem, kinema color&#8217;dur. Pankromatik film kullan\u0131lan bu iki renkli sistem, 1906 y\u0131l\u0131nda \u0130ngiltere&#8217;de d\u00f6nemin en \u00f6nde gelen yap\u0131mc\u0131 firmalar\u0131ndan Charles Urban Trading Co. i\u00e7in George Albert Smith taraf\u0131ndan ger\u00e7ekle\u015ftirildi. Bu y\u00f6ntemin denendi\u011fi ilk film, 1906 y\u0131l\u0131n\u0131n Haziran ay\u0131nda, Smith&#8217;in evinin d\u0131\u015f\u0131nda \u00e7ekildi.<\/p>\n<p>Filmde, Smith&#8217;in o\u011flu ve k\u0131z\u0131 oynarken g\u00f6r\u00fcnt\u00fclenmi\u015flerdi. O\u011flan, mavi bir elbise giyiyor ve bir bayrak sall\u0131yordu. K\u0131z\u0131n \u00fczerinde ise pembe kurdeleli beyaz bir elbise vard\u0131. Kinema-color&#8217;un patenti, 1906 y\u0131l\u0131n\u0131n Kas\u0131m ay\u0131nda al\u0131nd\u0131. Kinema-color tekni\u011fiyle \u00e7ekilmi\u015f bir filmin izleyicilere \u00fccret kar\u015f\u0131l\u0131\u011f\u0131nda ilk g\u00f6sterimi ise, 26 \u015eubat 1909 g\u00fcn\u00fc yap\u0131ld\u0131. G\u00f6steride, 21 k\u0131sa metrajl\u0131 film vard\u0131.<\/p>\n<p>Uzun metrajl\u0131 ilk renkli film ise, &#8220;The World, the Flesh and the Devil&#8221; adl\u0131 yap\u0131tt\u0131r. 1 saat 40 dakikal\u0131k bu melodram, Laurence Cowen&#8217;in roman\u0131ndan esinlenerek Union Jack Co. \u015firketi taraf\u0131ndan Kinema-color tekni\u011fi ile \u00e7ekildi. &#8220;\u00dccret kar\u015f\u0131l\u0131\u011f\u0131nda&#8221; ilk g\u00f6sterimi de 4 \u015eubat 1914 g\u00fcn\u00fc yap\u0131ld\u0131. \u00dc\u00e7 renk \u00fczerine i\u015flem yapan Gaumont Kronokrom tekni\u011fi ile al\u0131nan ilk ba\u015far\u0131l\u0131 sonu\u00e7 ise, 15 Kas\u0131m 1912 g\u00fcn\u00fc Paris&#8217;te Frans\u0131z Foto\u011fraf Derne\u011fi&#8217;nin \u00fcyelerine g\u00f6sterildi. Filmler, \u00fc\u00e7 mercekli bir kamera ile \u00e7ekilmi\u015fti. Her merce\u011fin \u00fczerinde, ana <a href=\"http:\/\/www.ilkkimbuldu.com\/renkleri-kim-buldu\/\">renkler<\/a>den birine ili\u015fkin bir filtre vard\u0131.<\/p>\n<p>Bu ilk filmlerde, Vilmorin-Andrieux bah\u00e7eleri, kelebekler, Deauville Plaj\u0131, \u00e7ift\u00e7iler ve ba\u015fka do\u011fal manzaralar g\u00f6r\u00fcnt\u00fclenmi\u015fti. Kronokrom tekni\u011fi \u0130ngiltere&#8217;ye 16 Ocak 1913&#8217;te geldi. Ayn\u0131 y\u0131l, ilk renkli ve sesli film denemeleri yap\u0131ld\u0131 ve bunlar\u0131n sonu\u00e7lar\u0131 Haziran ay\u0131nda New York&#8217;ta, 39. Cadde Tiyatrosu&#8217;nda sergilendi. Kronokrom tekni\u011fi, ticari a\u00e7\u0131dan pek ba\u015far\u0131l\u0131 olamam\u0131\u015ft\u0131 ama, ge\u00e7erlili\u011fini 1920 y\u0131l\u0131na kadar korudu.<\/p>\n","protected":false},"excerpt":{"rendered":"<p>Ticari a\u00e7\u0131dan ba\u015far\u0131l\u0131 olan ilk y\u00f6ntem, kinema color&#8217;dur. Pankromatik film kullan\u0131lan bu iki renkli sistem, 1906 y\u0131l\u0131nda \u0130ngiltere&#8217;de d\u00f6nemin en \u00f6nde gelen yap\u0131mc\u0131 firmalar\u0131ndan Charles Urban Trading Co. i\u00e7in George&#8230;<\/p>\n","protected":false},"author":1,"featured_media":0,"comment_status":"closed","ping_status":"closed","sticky":false,"template":"","format":"standard","meta":{"footnotes":""},"categories":[15,1],"tags":[993,352,1130],"class_list":["post-636","post","type-post","status-publish","format-standard","hentry","category-eglence","category-teknoloji","tag-film","tag-film-renklendirme-yontemi","tag-renkli-film"],"_links":{"self":[{"href":"https:\/\/www.ilkkimbuldu.com\/index.php?rest_route=\/wp\/v2\/posts\/636"}],"collection":[{"href":"https:\/\/www.ilkkimbuldu.com\/index.php?rest_route=\/wp\/v2\/posts"}],"about":[{"href":"https:\/\/www.ilkkimbuldu.com\/index.php?rest_route=\/wp\/v2\/types\/post"}],"author":[{"embeddable":true,"href":"https:\/\/www.ilkkimbuldu.com\/index.php?rest_route=\/wp\/v2\/users\/1"}],"replies":[{"embeddable":true,"href":"https:\/\/www.ilkkimbuldu.com\/index.php?rest_route=%2Fwp%2Fv2%2Fcomments&post=636"}],"version-history":[{"count":6,"href":"https:\/\/www.ilkkimbuldu.com\/index.php?rest_route=\/wp\/v2\/posts\/636\/revisions"}],"predecessor-version":[{"id":9703,"href":"https:\/\/www.ilkkimbuldu.com\/index.php?rest_route=\/wp\/v2\/posts\/636\/revisions\/9703"}],"wp:attachment":[{"href":"https:\/\/www.ilkkimbuldu.com\/index.php?rest_route=%2Fwp%2Fv2%2Fmedia&parent=636"}],"wp:term":[{"taxonomy":"category","embeddable":true,"href":"https:\/\/www.ilkkimbuldu.com\/index.php?rest_route=%2Fwp%2Fv2%2Fcategories&post=636"},{"taxonomy":"post_tag","embeddable":true,"href":"https:\/\/www.ilkkimbuldu.com\/index.php?rest_route=%2Fwp%2Fv2%2Ftags&post=636"}],"curies":[{"name":"wp","href":"https:\/\/api.w.org\/{rel}","templated":true}]}}