{"id":8083,"date":"2011-01-15T17:49:12","date_gmt":"2011-01-15T15:49:12","guid":{"rendered":"http:\/\/www.ilkkimbuldu.com\/?p=8083"},"modified":"2017-01-06T17:50:44","modified_gmt":"2017-01-06T15:50:44","slug":"gel-git-olayini-kim-buldu","status":"publish","type":"post","link":"https:\/\/www.ilkkimbuldu.com\/?p=8083","title":{"rendered":"Gel-git Olay\u0131n\u0131 kim buldu"},"content":{"rendered":"<p>Okyanuslar\u0131n ve denizlerin bu d\u00f6nemsel (periyodik) kabarma ve al\u00e7almalar\u0131na yani gel-git olay\u0131na, bir de gel-git ak\u0131nt\u0131lar\u0131 ad\u0131 verilen yatay su hareketleri e\u015flik eder. Bu ak\u0131nt\u0131lar, okyanuslarda, k\u00f6rfezlerde ve hali\u00e7lerde (\u0131rmaklar\u0131n denizlere a\u00e7\u0131lan a\u011f\u0131zlar\u0131nda) kendini g\u00f6sterir. Gel-git ak\u0131nt\u0131lar\u0131 g\u00f6ller de de vard\u0131r; ama oralarda o denli hafif olurlar ki, etkileri \u00f6nemsenmez.<\/p>\n<p>Gel-git ak\u0131nt\u0131lar\u0131 da suyun kabarma ve al\u00e7almalar\u0131na ba\u011fl\u0131 olarak periyodiktir. Su d\u00fczeyi her 6 saat 15 dakikada nas\u0131l de\u011fi\u015fiyorsa, bu ak\u0131nt\u0131lar\u0131n do\u011frultular\u0131 da her 6 saat 15 dakikada bir de\u011fi\u015fir. Gel-git ak\u0131nt\u0131s\u0131 denizden k\u0131y\u0131ya do\u011fru akt\u0131\u011f\u0131nda kabarma ak\u0131nt\u0131s\u0131, k\u0131y\u0131dan denize do\u011fru akt\u0131\u011f\u0131nda ise \u00e7ekilme ak\u0131nt\u0131s\u0131 ad\u0131n\u0131 al\u0131r.<\/p>\n<p>K\u0131y\u0131 yak\u0131nlar\u0131ndaki gel-git ak\u0131nt\u0131lar\u0131n\u0131n bu d\u00fczg\u00fcn geli\u015f-gidi\u015f hareketlerine kar\u015f\u0131n a\u00e7\u0131k denizlerdeki gel-git ak\u0131nt\u0131lar\u0131n\u0131n hareketleri biraz daha karma\u015f\u0131kt\u0131r. Genellikle, a\u00e7\u0131k denizlerdeki gel-git ak\u0131nt\u0131lar\u0131 d\u00fcnyan\u0131n bi\u00e7imi ve kendi ekseni \u00e7evresinde d\u00f6n\u00fc\u015f\u00fc nedeniyle burga\u00e7t\u0131 ak\u0131nt\u0131lard\u0131r, \u00f6rne\u011fin, tam \u00f6\u011fle \u00fczeri ak\u0131nt\u0131 kuzeye do\u011fru, saat 13,30\u2019da kuzeydo\u011fuya y\u00f6nelik, saat 15.00\u2019de do\u011fuya, saat 18.00\u2019de de g\u00fcney y\u00f6n\u00fcnde olabilir. Geceyar\u0131s\u0131na yakla\u015f\u0131rken de ak\u0131nt\u0131n\u0131n y\u00f6n\u00fc gene kuzeye d\u00f6nm\u00fc\u015f olabilir. T\u0131pk\u0131 d\u00fczenli bir gel-git olay\u0131 gibi, gel-git ak\u0131nt\u0131lar\u0131n\u0131n y\u00f6n de\u011fi\u015ftirmelerinin tam bir devri, genellikle ve g\u00f6zlemin yap\u0131ld\u0131\u011f\u0131 yere ba\u011fl\u0131 olarak, 12,5 ya da 25 saat s\u00fcrer.<\/p>\n<p>Kabarma, \u00e7ekilme ve burga\u00e7l\u0131 ak\u0131nt\u0131lar her zaman periyodik ve ayn\u0131 y\u00f6nde akmazlar. Bu nitelikleriyle, de\u011fi\u015fmez y\u00f6nl\u00fc okyanus ak\u0131nt\u0131lar\u0131ndan ayr\u0131l\u0131k g\u00f6sterirler.<\/p>\n<p><b>Gelgit<\/b> veya <b>med cezir<\/b>, bir g\u00f6k cisminin ba\u015fka bir g\u00f6k cismine uygulad\u0131\u011f\u0131 k\u00fctle \u00e7ekimi nedeniyle her iki cisimde meydana gelen \u015fekil bozulmalar\u0131. En \u00e7ok bilineni, her bir ay g\u00fcn\u00fcnde Ay ve G\u00fcne\u015f&#8217;in g\u00f6reli konumlar\u0131ndaki de\u011fi\u015fmeler sonucu k\u00fctle \u00e7ekimlerinde meydana gelen farkl\u0131l\u0131klar nedeniyle deniz seviyesindeki y\u00fckselme ve al\u00e7almalard\u0131r.<\/p>\n<p>Galileo 1632&#8217;de yay\u0131mlad\u0131\u011f\u0131 &#8220;Gelgit \u00dczerine Diyalog&#8221; <i>(Dialogue Concerning the Two Chief World Systems-Dialogue on the Tides)<\/i> kitab\u0131nda gelgit i\u00e7in &#8220;Denizdeki sular\u0131n, D\u00fcnya&#8217;n\u0131n G\u00fcne\u015f etraf\u0131nda d\u00f6nmesi sonucu savrulmas\u0131d\u0131r.&#8221; diyerek yan\u0131lg\u0131ya d\u00fc\u015fm\u00fc\u015ft\u00fcr. Gelgitin k\u00fctle\u00e7ekim kuvveti sonucu olu\u015ftu\u011fu 1687&#8217;de Newton&#8217;\u0131n <i>Principia<\/i> eserinde a\u00e7\u0131klanm\u0131\u015ft\u0131r. 18.y\u00fczy\u0131lda su y\u00fcksekli\u011fini hesaplayacak tablolar geli\u015ftirilmi\u015ftir. G\u00fcn\u00fcm\u00fczde ise su y\u00fcksekli\u011fi, ak\u0131nt\u0131lar, gelgitin olu\u015faca\u011f\u0131 zaman bilgisayarlarla hesaplanmaktad\u0131r.<\/p>\n","protected":false},"excerpt":{"rendered":"<p>Okyanuslar\u0131n ve denizlerin bu d\u00f6nemsel (periyodik) kabarma ve al\u00e7almalar\u0131na yani gel-git olay\u0131na, bir de gel-git ak\u0131nt\u0131lar\u0131 ad\u0131 verilen yatay su hareketleri e\u015flik eder. Bu ak\u0131nt\u0131lar, okyanuslarda, k\u00f6rfezlerde ve hali\u00e7lerde (\u0131rmaklar\u0131n&#8230;<\/p>\n","protected":false},"author":1,"featured_media":0,"comment_status":"open","ping_status":"closed","sticky":false,"template":"","format":"standard","meta":{"footnotes":""},"categories":[92],"tags":[836,2964,2965,837],"class_list":["post-8083","post","type-post","status-publish","format-standard","hentry","category-bilim","tag-galileo","tag-gel-git","tag-med-cezir","tag-newton"],"_links":{"self":[{"href":"https:\/\/www.ilkkimbuldu.com\/index.php?rest_route=\/wp\/v2\/posts\/8083"}],"collection":[{"href":"https:\/\/www.ilkkimbuldu.com\/index.php?rest_route=\/wp\/v2\/posts"}],"about":[{"href":"https:\/\/www.ilkkimbuldu.com\/index.php?rest_route=\/wp\/v2\/types\/post"}],"author":[{"embeddable":true,"href":"https:\/\/www.ilkkimbuldu.com\/index.php?rest_route=\/wp\/v2\/users\/1"}],"replies":[{"embeddable":true,"href":"https:\/\/www.ilkkimbuldu.com\/index.php?rest_route=%2Fwp%2Fv2%2Fcomments&post=8083"}],"version-history":[{"count":1,"href":"https:\/\/www.ilkkimbuldu.com\/index.php?rest_route=\/wp\/v2\/posts\/8083\/revisions"}],"predecessor-version":[{"id":8084,"href":"https:\/\/www.ilkkimbuldu.com\/index.php?rest_route=\/wp\/v2\/posts\/8083\/revisions\/8084"}],"wp:attachment":[{"href":"https:\/\/www.ilkkimbuldu.com\/index.php?rest_route=%2Fwp%2Fv2%2Fmedia&parent=8083"}],"wp:term":[{"taxonomy":"category","embeddable":true,"href":"https:\/\/www.ilkkimbuldu.com\/index.php?rest_route=%2Fwp%2Fv2%2Fcategories&post=8083"},{"taxonomy":"post_tag","embeddable":true,"href":"https:\/\/www.ilkkimbuldu.com\/index.php?rest_route=%2Fwp%2Fv2%2Ftags&post=8083"}],"curies":[{"name":"wp","href":"https:\/\/api.w.org\/{rel}","templated":true}]}}