{"id":8837,"date":"2018-02-08T00:04:26","date_gmt":"2018-02-07T22:04:26","guid":{"rendered":"http:\/\/www.ilkkimbuldu.com\/?p=8837"},"modified":"2018-02-08T01:09:45","modified_gmt":"2018-02-07T23:09:45","slug":"mercedesi-kim-icat-etti","status":"publish","type":"post","link":"https:\/\/www.ilkkimbuldu.com\/?p=8837","title":{"rendered":"Mercedesi kim icat etti"},"content":{"rendered":"<h2>Mercedes&#8217;i kim kurdu? Mercedes&#8217;i kim yapt\u0131?<\/h2>\n<p>Mersedes d\u00fcnya \u00e7ap\u0131nda bir otomobil markas\u0131,\u00a0Mercedes-Benz ise Alman \u015firket Daimler AG&#8217;nin bir b\u00f6l\u00fcm\u00fcd\u00fcr. Mercedes markas\u0131 alt\u0131nda l\u00fcks ara\u00e7lar, otob\u00fcsler, t\u0131rlar ve kamyonlar \u00fcretilmektedir. Mercedes&#8217;in merkezi Stuttgart, Baden-W\u00fcrttemberg&#8217;dedir. Mercedes ismi ve markas\u0131 ilk olarak 1926&#8217;da Daimler-Benz ortakl\u0131\u011f\u0131 alt\u0131nda ortaya \u00e7\u0131km\u0131\u015ft\u0131r.\u00a0Mercedes-Benz&#8217;in hikayesi 1886 y\u0131l\u0131nda ba\u015flam\u0131\u015ft\u0131r.<\/p>\n<h3><a href=\"http:\/\/www.ilkkimbuldu.com\/karl-benz\/\">Karl Benz<\/a> ve\u00a0Bertha Benz<\/h3>\n<p>E\u015fi <strong>Bertha Benz<\/strong> taraf\u0131ndan finanse edilen ilk kullan\u0131\u015fl\u0131 otomobil, <strong>Karl Benz<\/strong> taraf\u0131ndan yap\u0131lm\u0131\u015f ve patenti al\u0131nm\u0131\u015ft\u0131r. Ayr\u0131ca Bertha Benz araban\u0131n pazarlamas\u0131 konusunda itici g\u00fc\u00e7 olan ki\u015fi olarak kar\u015f\u0131m\u0131za \u00e7\u0131kmaktad\u0131r. Karl Benz araba \u00fczerindeki \u00e7al\u0131\u015fmalar\u0131 i\u00e7in s\u00fcrekli fabrikada bulunmak istemi\u015f fakat e\u015fi Bertha Benz onu arabas\u0131yla g\u00f6steriler yapmas\u0131 ve halka tan\u0131tmas\u0131 konusunda s\u00fcrekli zorlam\u0131\u015ft\u0131r. Mercedesin en eski versiyonu modern standartlara g\u00f6re tuhaf g\u00f6r\u00fcn\u00fcml\u00fc, koltuklar\u0131n alt\u0131nda\u00a0 ve arka tarafta kalan motoru bulunan alt\u0131 bu\u00e7uk beygir g\u00fcc\u00fcn\u00fc \u00fcreten tek silindirli ve \u00fc\u00e7 tekerlekli bir ara\u00e7t\u0131.\u00a0 Ula\u015fabildi\u011fi en y\u00fcksek h\u0131z, neredeyse saatte 16 km idi. Direksiyonu yuvarlak de\u011fil korkun\u00e7 g\u00f6r\u00fcn\u00fcml\u00fc k\u00fc\u00e7\u00fck bir topuzdan olu\u015fuyordu.<\/p>\n<p>Bertha Benz rakipleri olan <strong>Gottlieb Daimler<\/strong> ve <strong>Wilhelm Maybach<\/strong>&#8216;\u0131n pazarlanabilir bir araba \u00fcretece\u011fi konusunda endi\u015feleniyordu. Karl Benz&#8217;in piyasaya s\u00fcrd\u00fc\u011f\u00fc ikinci model iki kat daha fazla beygir g\u00fcc\u00fcne sahip ve daha h\u0131zl\u0131 idi.\u00a0Otomobilin canl\u0131l\u0131\u011f\u0131n\u0131 ispatlamak i\u00e7in, annesini g\u00f6rmek bahanesiyle ilk yolculu\u011fana \u00e7\u0131kt\u0131. 14 ve 15 ya\u015f\u0131ndaki o\u011fullar\u0131 ile birlikte, 121 km&#8217;lik bir mesafeyi katetti. Yolculuk s\u0131ras\u0131nda kar\u015f\u0131la\u015ft\u0131\u011f\u0131 yak\u0131t borusundaki bir ka\u00e7a\u011f\u0131 \u015fapka i\u011fnesi ve jartiyerinde bulunan bir tel yard\u0131m\u0131yla izole ederek tamir etti.<\/p>\n<p>Bertha Benz o g\u00fcne kadar hen\u00fcz faydas\u0131 tam olarak kan\u0131tlanmam\u0131\u015f bu bulu\u015fu, insanlar\u0131n her g\u00fcn rahat\u00e7a kullanabilece\u011fini ispayarak insanlar\u0131n otomobile kar\u015f\u0131 olan \u00f6nyarg\u0131lar\u0131n\u0131 y\u0131kt\u0131.<\/p>\n<h3>\u0130lk Mercedes<\/h3>\n<p>Benz Patent-Motorwagen fabrikas\u0131nda \u00fcretilen bu araba yayg\u0131n olarak ilk benzinli otomobil olarak kabul edilmektedir. 1901 y\u0131l\u0131nda kurulan Daimler-Motoren-Gesellschaft fabrikas\u0131nda seri olarak \u00fcretilmeye ba\u015flanm\u0131\u015ft\u0131r. Mercedes markas\u0131n\u0131n o zamanlardaki slogan\u0131 &#8220;En \u0130yi ya da Hi\u00e7&#8221; olarak belirlenmi\u015ftir.\u00a029 ocak tarihi yani Mercedes&#8217;in icad\u0131, otomobilin y\u0131ld\u00f6n\u00fcm\u00fc olarak adland\u0131r\u0131lmaktad\u0131r. Alman mucit Karl Benz 132 y\u0131l \u00f6nce benzinle \u00e7al\u0131\u015fan ilk otomobili i\u00e7in 37435 numaral\u0131 patenti alm\u0131\u015ft\u0131r.<\/p>\n<h3>Benz &#8211; Daimler &#8211; Maybach Ortakl\u0131\u011f\u0131<\/h3>\n<p>\u00d6nceleri Benz&#8217;e rakip olan, Daimler ve Maybach ortakl\u0131\u011f\u0131 bir araya gelerek otomotiv teknolojisinin \u00f6n planda oldu\u011fu\u00a0<strong>Daimler-Motoren-Gesellschaft<\/strong> \u015firketini kurdular.\u00a0 Mercedes markas\u0131 ve arabalar\u0131 1901&#8217;de DMG (Daimler-Motoren-Gesellschaft veya Daimler Motors Corporation) taraf\u0131ndan \u00fcretilmeye ve pazarlanmaya ba\u015flam\u0131\u015ft\u0131r. G\u00fcn\u00fcm\u00fczde &#8220;Daimler&#8221; ana \u015firket, Mercedes-Benz en \u00fcnl\u00fc ve bilinen markas\u0131, Maybach ise zengin m\u00fc\u015fteriler i\u00e7in \u00fcretilen ultra l\u00fcks ara\u00e7lar\u0131n markas\u0131 durumundad\u0131r.<\/p>\n<h3>Emil Jellinek ve Mercedes Markas\u0131<\/h3>\n<p>Avusturyal\u0131 otomobil giri\u015fimcisi olan Emil Jellinek DMG&#8217;nin \u00fcretti\u011fi otomobilleri pazarl\u0131yordu.\u00a0Jellinek 1899&#8217;da Nice&#8217;de yap\u0131lan yar\u0131\u015fa, &#8220;M\u00f6sy\u00f6 Merc\u00e9d\u00e8s&#8221; takma ad\u0131 alt\u0131nda kat\u0131ld\u0131. Yar\u0131\u015f Mercedes-Benz markas\u0131n\u0131n do\u011fum tarihi olarak nitelendirilmektedir.\u00a0Bu yar\u0131\u015ftan sonra k\u0131z\u0131 Mercedes Jellinek&#8217;in ad\u0131n\u0131 satt\u0131\u011f\u0131 otomobiller i\u00e7in de kullanmaya ba\u015flad\u0131. Jellinek, o y\u0131llarda sosyete ve zenginlerin k\u0131\u015f\u0131n bulu\u015fma yeri olan olarak bilinen Fransa&#8217;daki Haute Vol\u00e9e&#8217;de bulunan evinde verdi\u011fi davetlerde \u00fcst tabakaya &#8220;ats\u0131z&#8221; Daimler otomobillerinin sat\u0131\u015f\u0131n\u0131 yap\u0131yordu. M\u00fc\u015fterileri aras\u0131nda Rothschild ailesi\u00a0gibi zengin insanlar vard\u0131. Jellinek 1901&#8217;in ba\u015flar\u0131ndan itibaren satt\u0131\u011f\u0131 otomobillerin markas\u0131 olarak\u00a0Mercedes ismini kullanmaya ba\u015flad\u0131.\u00a0 Mercedes markas\u0131 bilinmeye ba\u015flad\u0131ktan sonra hedef b\u00fcy\u00fcterek Yeni D\u00fcnya&#8217;ya y\u00f6neldi. Art\u0131k ABD&#8217;li milyarderler Rockefeller, Astor, Morgan ve Taylor gibi ailelere Mercedes marka otomobil sat\u0131yordu.\u00a0 1901 y\u0131l\u0131n\u0131n sonlar\u0131nda &#8220;Mercedes&#8221; ismi Daimler-Motoren-Gesellschaft (DMG) taraf\u0131ndan d\u00fcnya \u00e7ap\u0131nda bir marka olarak tescillendi. Daha \u00f6nceleri sadece Jelinek taraf\u0131ndan Mercedes olarak adland\u0131r\u0131lan arabalar, 1926 y\u0131l\u0131nda DMG fabrikas\u0131nda Mercedes-Benz markas\u0131 ile 1926&#8217;da \u00fcretilmeye ba\u015flad\u0131.<\/p>\n<h3>Gottlieb Daimler<\/h3>\n<p>Gottlieb Daimler 17 Mart 1834&#8217;de Schorndorf&#8217;da d\u00fcnyaya geldi. Fransa&#8217;da bir tabanca fabrikas\u0131nda stajer olarak \u00e7al\u0131\u015ft\u0131. 1857-1859 y\u0131llar\u0131 aras\u0131nda Stuttgart&#8217;taki Politeknik Okulu&#8217;nu bitirdi. Fransa ve \u0130ngiltere&#8217;de \u00e7e\u015fitli mekanik ve teknik etkinlerde g\u00f6rev ald\u0131ktan sonra 1862&#8217;de Geislingen&#8217;de makine \u00fczarine teknik ressam olarak \u00e7al\u0131\u015fmaya ba\u015flam\u0131\u015ft\u0131r. 1863 y\u0131l\u0131 sonunda, Reutlingen&#8217;de makine \u00fcreten bir firmada at\u00f6lye m\u00fcfetti\u015fi olarak \u00e7al\u0131\u015fmaya ba\u015flad\u0131 ve burada 1865&#8217;de Wilhelm Maybach&#8217;la tan\u0131\u015ft\u0131.<\/p>\n<p>Mercedes-Benz 1930&#8217;lu y\u0131llarda, Almanya&#8217;n\u0131n Nazi d\u00f6neminde pop\u00fcler olan <b>Mercedes-Benz 770<\/b>\u00a0modelini \u00fcretti. Adolf Hitler&#8217;in iktidar\u0131 d\u00f6neminde bu modelin kur\u015fun ge\u00e7irmez birka\u00e7 versiyonunu kulland\u0131\u011f\u0131 biliniyor. G\u00fcn\u00fcm\u00fcze kadar gelebilen 770 modeli mercedeslerin \u00e7o\u011fu a\u00e7\u0131k art\u0131rmalarda \u00f6zel al\u0131c\u0131lara sat\u0131ld\u0131. Onlardan biri \u015fu anda Ottawa, Ontario&#8217;daki Sava\u015f M\u00fczesi&#8217;nde sergilenmektedir. Papa&#8217;n\u0131n kulland\u0131\u011f\u0131 Popemobile Mercedes-Benz altyap\u0131s\u0131 ile yap\u0131lm\u0131\u015ft\u0131r. 1944 y\u0131l\u0131nda Daimler-Benz fabrikalar\u0131nda, Nazileri desteklemek i\u00e7in 46.000 i\u015f\u00e7iyi zorla \u00e7al\u0131\u015ft\u0131rd\u0131. \u015eirket daha sonra emek\u00e7ilerin ailelerine tazminat olarak 12 milyon dolar \u00f6dedi. Mercedes-Benz daha sonraki y\u0131llarda, di\u011fer araba markalar\u0131nda kullan\u0131lan ve yayg\u0131nla\u015fan bir\u00e7ok teknolojik ve g\u00fcvenlik yenili\u011fi icat etti.<\/p>\n<h3>Mercedes kalitesi<\/h3>\n<p>Kurulu\u015fundan bu yana, Mercedes-Benz kalite ve dayan\u0131kl\u0131l\u0131\u011f\u0131 konusunda itibar sa\u011flad\u0131. Binek ara\u00e7larla ilgili Amerikadaki J. D. Power anketleri 1990&#8217;lar\u0131n sonlar\u0131nda ve 2000&#8217;lerin ba\u015f\u0131nda bu itibar\u0131n d\u00fc\u015f\u00fc\u015fe ge\u00e7ti\u011fini g\u00f6sterdi. J.D. Power&#8217;a g\u00f6re, 2005 y\u0131l\u0131n\u0131n ortalar\u0131na gelindi\u011finde, Mercedes, ba\u015flang\u0131\u00e7 \u200b\u200bkalite seviyesine ve end\u00fcstri ortalamas\u0131na ge\u00e7ici olarak geri d\u00f6nd\u00fc. 2007 y\u0131l\u0131n\u0131n ilk \u00e7eyre\u011finde Mercedes, modelleri i\u00e7in birka\u00e7 \u00f6d\u00fcl kazanarak \u00e7arp\u0131c\u0131 bir iyile\u015fme g\u00f6sterdi. 2008 y\u0131l\u0131nda Mercedes-Benz&#8217;in en katiteli ara\u00e7lar s\u0131ralams\u0131nda d\u00f6rd\u00fcnc\u00fc s\u0131raya y\u00fckseldi. Ayn\u0131 zamanda Mercedes&#8217;in Sindelfingen, Almanya montaj fabrikas\u0131na Platinum Plant Quality Award \u00f6d\u00fcl\u00fc verildi. J. D. Power&#8217;\u0131n 2011 ABD Ba\u015flang\u0131\u00e7 \u200b\u200bKalitesi ve Araba G\u00fcvenilirlik \u00c7al\u0131\u015fmalar\u0131, Mercedes-Benz ara\u00e7lar\u0131n\u0131 yap\u0131m kalitesi ve g\u00fcvenilirli\u011fi ortalaman\u0131n \u00fcst\u00fcnde buldu. Reuters i\u00e7in yap\u0131lan 2014 iSeeCars.com \u00e7al\u0131\u015fmas\u0131, Mercedes&#8217;in en d\u00fc\u015f\u00fck ara\u00e7 geri \u00e7a\u011f\u0131rma oran\u0131na sahip oldu\u011funu ilan etti.<\/p>\n<p>Mercedes amblemi olan \u00fc\u00e7 sivri u\u00e7lu y\u0131ld\u0131z, Daimler-Benz&#8217;in birle\u015fmesine ithafen Daimler-Motoren-Gesellschaft&#8217;\u0131 temsil etmektedir.<\/p>\n<p>Daimler AG \u015firketinin bir par\u00e7as\u0131 olan Mercedes-Benz Otomobil b\u00f6l\u00fcm\u00fc, Mercedes-Benz ve Smart marka arabalar\u0131 \u00fcretmektedir.<\/p>\n<h4>Mercedes-AMG<\/h4>\n<p>Mercedes-AMG, 1999 y\u0131l\u0131nda Mercedes-Benz&#8217;in \u00e7o\u011funluk hisseli bir b\u00f6l\u00fcm\u00fc haline geldi. \u015eirket 1999 y\u0131l\u0131nda DaimlerChrysler&#8217;e entegre edildi ve 1 Ocak 1999&#8217;da Mercedes-Benz AMG oldu.<\/p>\n<h4>Mercedes-Maybach<\/h4>\n<p>Daimler&#8217;in ultra-l\u00fcks markas\u0131 Maybach, sat\u0131\u015f hacminin zay\u0131f olmas\u0131 nedeniyle \u00fcretimin durdurulmas\u0131 tarihi olan 2013 y\u0131l\u0131na kadar Mercedes-Benz otomobil b\u00f6l\u00fcm\u00fc alt\u0131nda kald\u0131. 2016\u00a0 y\u0131l\u0131ndan itibaren Mercedes-Maybach S600 gibi ultra l\u00fcks versiyonlar gibi arabalar \u00fcretiyor.<\/p>\n<h4>Denza<\/h4>\n<p>Daimler, \u00c7in&#8217;de Denza ad\u0131nda bir ak\u00fcl\u00fc elektrikli otomobil \u00fcretip satmak i\u00e7in BYD Auto ile i\u015fbirli\u011fi yapt\u0131. Fakat 2016 y\u0131l\u0131nda, Denza yerine Mercedes-Benz markal\u0131 elektrikli arabalar\u0131 \u00c7in&#8217;de satmay\u0131 planlad\u0131\u011f\u0131n\u0131 a\u00e7\u0131klam\u0131\u015ft\u0131r.<\/p>\n","protected":false},"excerpt":{"rendered":"<p>Mercedes&#8217;i kim kurdu? Mercedes&#8217;i kim yapt\u0131? Mersedes d\u00fcnya \u00e7ap\u0131nda bir otomobil markas\u0131,\u00a0Mercedes-Benz ise Alman \u015firket Daimler AG&#8217;nin bir b\u00f6l\u00fcm\u00fcd\u00fcr. Mercedes markas\u0131 alt\u0131nda l\u00fcks ara\u00e7lar, otob\u00fcsler, t\u0131rlar ve kamyonlar \u00fcretilmektedir. Mercedes&#8217;in&#8230;<\/p>\n","protected":false},"author":1,"featured_media":8879,"comment_status":"open","ping_status":"closed","sticky":false,"template":"","format":"standard","meta":{"footnotes":""},"categories":[19],"tags":[3085,2932,3086,3084,2933],"class_list":["post-8837","post","type-post","status-publish","format-standard","has-post-thumbnail","hentry","category-otomobil","tag-bertha-benz","tag-gottlieb-daimler","tag-karl-benz","tag-mercedes","tag-wilhelm-maybach"],"_links":{"self":[{"href":"https:\/\/www.ilkkimbuldu.com\/index.php?rest_route=\/wp\/v2\/posts\/8837"}],"collection":[{"href":"https:\/\/www.ilkkimbuldu.com\/index.php?rest_route=\/wp\/v2\/posts"}],"about":[{"href":"https:\/\/www.ilkkimbuldu.com\/index.php?rest_route=\/wp\/v2\/types\/post"}],"author":[{"embeddable":true,"href":"https:\/\/www.ilkkimbuldu.com\/index.php?rest_route=\/wp\/v2\/users\/1"}],"replies":[{"embeddable":true,"href":"https:\/\/www.ilkkimbuldu.com\/index.php?rest_route=%2Fwp%2Fv2%2Fcomments&post=8837"}],"version-history":[{"count":7,"href":"https:\/\/www.ilkkimbuldu.com\/index.php?rest_route=\/wp\/v2\/posts\/8837\/revisions"}],"predecessor-version":[{"id":8889,"href":"https:\/\/www.ilkkimbuldu.com\/index.php?rest_route=\/wp\/v2\/posts\/8837\/revisions\/8889"}],"wp:featuredmedia":[{"embeddable":true,"href":"https:\/\/www.ilkkimbuldu.com\/index.php?rest_route=\/wp\/v2\/media\/8879"}],"wp:attachment":[{"href":"https:\/\/www.ilkkimbuldu.com\/index.php?rest_route=%2Fwp%2Fv2%2Fmedia&parent=8837"}],"wp:term":[{"taxonomy":"category","embeddable":true,"href":"https:\/\/www.ilkkimbuldu.com\/index.php?rest_route=%2Fwp%2Fv2%2Fcategories&post=8837"},{"taxonomy":"post_tag","embeddable":true,"href":"https:\/\/www.ilkkimbuldu.com\/index.php?rest_route=%2Fwp%2Fv2%2Ftags&post=8837"}],"curies":[{"name":"wp","href":"https:\/\/api.w.org\/{rel}","templated":true}]}}