{"id":903,"date":"2011-01-08T13:19:17","date_gmt":"2011-01-08T11:19:17","guid":{"rendered":"http:\/\/www.ilkkimbuldu.com\/?p=903"},"modified":"2018-03-10T23:30:58","modified_gmt":"2018-03-10T21:30:58","slug":"renkli-fotograf","status":"publish","type":"post","link":"https:\/\/www.ilkkimbuldu.com\/?p=903","title":{"rendered":"\u0130lk renkli Foto\u011fraf"},"content":{"rendered":"<p>\u0130lk renkli foto\u011fraf Jersey&#8217;de Thomas Sutton taraf\u0131ndan \u00e7ekildi. 17 May\u0131s 1861 g\u00fcn\u00fc yap\u0131lan bu \u00e7ekim s\u0131ras\u0131nda Sutton&#8217;un teknik dan\u0131\u015fmanl\u0131\u011f\u0131n\u0131 \u0130sko\u00e7yal\u0131 fizik\u00e7i James Clark Maxwell yapt\u0131. Maxwell&#8217;in tekni\u011fine g\u00f6re, foto\u011fraf \u00fc\u00e7 a\u015famada \u00e7ekiliyordu.<\/p>\n<p>Bunlardan her birinde, kamera ile resmi \u00e7ekilen nesne aras\u0131na k\u0131rm\u0131z\u0131, mavi ve ye\u015fil s\u0131v\u0131 ile dolu birer kap konuyordu. Sonra cam negatifler \u00fc\u00e7 ayr\u0131 \u00f6zel cam arac\u0131l\u0131\u011f\u0131yla ekrana yans\u0131t\u0131l\u0131yordu. Ger\u00e7i bu \u00e7al\u0131\u015fma, rantabl olmaktan \u00e7ok bilimsel de\u011fere sahipti ama, do\u011fal renklere hayli yatk\u0131n sonu\u00e7 al\u0131nm\u0131\u015ft\u0131.<\/p>\n<p>G\u00f6kku\u015fa\u011f\u0131n\u0131n <a href=\"http:\/\/www.ilkkimbuldu.com\/renkleri-kim-buldu\/\">renkleri<\/a>, 7 May\u0131s 1869 g\u00fcn\u00fc, Frans\u0131z Foto\u011fraf\u00e7\u0131l\u0131k Derne\u011fi \u00fcyelerinin \u00f6n\u00fcnde Louis Ducos du Hauron taraf\u0131ndan bas\u0131ld\u0131. Du Hauron, renkli bask\u0131 tekni\u011finin, patentini ayn\u0131 y\u0131l\u0131n 23 \u015eubat g\u00fcn\u00fc alm\u0131\u015ft\u0131. Bug\u00fcne ula\u015fan en eski renkli resimlerinden biri 1877 y\u0131l\u0131nda \u00e7ekilen, Angouleme&#8217;ye ait bir g\u00f6r\u00fcnt\u00fcd\u00fcr. Foto\u011frafta, bal renkli evlerin aras\u0131nda kiremit renkli \u00e7at\u0131s\u0131yla y\u00fckselen katedral ile arkas\u0131ndaki Charente nehrinin ye\u015filimsi sular\u0131 g\u00f6r\u00fcl\u00fcr.<\/p>\n","protected":false},"excerpt":{"rendered":"<p>\u0130lk renkli foto\u011fraf Jersey&#8217;de Thomas Sutton taraf\u0131ndan \u00e7ekildi. 17 May\u0131s 1861 g\u00fcn\u00fc yap\u0131lan bu \u00e7ekim s\u0131ras\u0131nda Sutton&#8217;un teknik dan\u0131\u015fmanl\u0131\u011f\u0131n\u0131 \u0130sko\u00e7yal\u0131 fizik\u00e7i James Clark Maxwell yapt\u0131. Maxwell&#8217;in tekni\u011fine g\u00f6re, foto\u011fraf \u00fc\u00e7&#8230;<\/p>\n","protected":false},"author":1,"featured_media":0,"comment_status":"closed","ping_status":"closed","sticky":false,"template":"","format":"standard","meta":{"footnotes":""},"categories":[15],"tags":[1038,518,521,519],"class_list":["post-903","post","type-post","status-publish","format-standard","hentry","category-eglence","tag-baski","tag-fotograf","tag-renkli-baski","tag-renkli-fotograf"],"_links":{"self":[{"href":"https:\/\/www.ilkkimbuldu.com\/index.php?rest_route=\/wp\/v2\/posts\/903"}],"collection":[{"href":"https:\/\/www.ilkkimbuldu.com\/index.php?rest_route=\/wp\/v2\/posts"}],"about":[{"href":"https:\/\/www.ilkkimbuldu.com\/index.php?rest_route=\/wp\/v2\/types\/post"}],"author":[{"embeddable":true,"href":"https:\/\/www.ilkkimbuldu.com\/index.php?rest_route=\/wp\/v2\/users\/1"}],"replies":[{"embeddable":true,"href":"https:\/\/www.ilkkimbuldu.com\/index.php?rest_route=%2Fwp%2Fv2%2Fcomments&post=903"}],"version-history":[{"count":7,"href":"https:\/\/www.ilkkimbuldu.com\/index.php?rest_route=\/wp\/v2\/posts\/903\/revisions"}],"predecessor-version":[{"id":11317,"href":"https:\/\/www.ilkkimbuldu.com\/index.php?rest_route=\/wp\/v2\/posts\/903\/revisions\/11317"}],"wp:attachment":[{"href":"https:\/\/www.ilkkimbuldu.com\/index.php?rest_route=%2Fwp%2Fv2%2Fmedia&parent=903"}],"wp:term":[{"taxonomy":"category","embeddable":true,"href":"https:\/\/www.ilkkimbuldu.com\/index.php?rest_route=%2Fwp%2Fv2%2Fcategories&post=903"},{"taxonomy":"post_tag","embeddable":true,"href":"https:\/\/www.ilkkimbuldu.com\/index.php?rest_route=%2Fwp%2Fv2%2Ftags&post=903"}],"curies":[{"name":"wp","href":"https:\/\/api.w.org\/{rel}","templated":true}]}}