{"id":906,"date":"2011-01-08T13:24:41","date_gmt":"2011-01-08T11:24:41","guid":{"rendered":"http:\/\/www.ilkkimbuldu.com\/?p=906"},"modified":"2018-02-14T20:45:10","modified_gmt":"2018-02-14T18:45:10","slug":"hava-fotografciligi","status":"publish","type":"post","link":"https:\/\/www.ilkkimbuldu.com\/?p=906","title":{"rendered":"Hava Foto\u011fraf\u00e7\u0131l\u0131\u011f\u0131&#8217;n\u0131 kim buldu"},"content":{"rendered":"<p>&#8220;Nadar&#8221; takma ad\u0131yla bilinen Frans\u0131z havac\u0131 Gaspard Felix Tournachon taraf\u0131ndan 1858 y\u0131l\u0131n\u0131n son haftas\u0131 i\u00e7inde \u00e7ekildi. Tournachon, 87 metre y\u00fckseklikteki bir balondan, Paris&#8217;- in d\u0131\u015f\u0131ndaki Val de Bierre y\u00f6resini g\u00f6r\u00fcnt\u00fcledi. \u0130ngiltere&#8217;de ilk hava foto\u011fraf\u0131 ise 1863 y\u0131l\u0131nda, Medway Vadisi&#8217;nin 1335 metre \u00fcst\u00fcnde bir balondan Henry Negretti taraf\u0131ndan \u00e7ekildi.<\/p>\n<p>U\u00e7aktan \u00e7ekilen ilk foto\u011fraf Beranger Foto\u011fraf Ajans\u0131&#8217;ndan M.Meurisse, 1909 y\u0131l\u0131n\u0131n Aral\u0131k ay\u0131nda Hubert Latham taraf\u0131ndan kullan\u0131lan Antoinette modeli bir u\u00e7aktan Fransa&#8217;da Rheims yak\u0131nlar\u0131ndaki Camp de Chalons Havaalan\u0131&#8217;n\u0131n foto\u011fraf\u0131n\u0131 \u00e7ekti. \u0130\u015fin <a href=\"http:\/\/www.ilkkimbuldu.com\/ilginc-icatlar\/\">ilgin\u00e7<\/a> y\u00f6n\u00fc, bu foto\u011fraflar\u0131n \u00e7ekili\u015finden bir y\u0131l \u00f6nce, ilk kez olarak u\u00e7aktan bir sinema filminin \u00e7ekilmi\u015f olmas\u0131yd\u0131.<\/p>\n<p>Havaalan\u0131n\u0131n foto\u011fraflar\u0131 (birinde, kalk\u0131\u015f halindeki bir <a title=\"U\u00e7a\u011f\u0131 Kim Buldu\" href=\"http:\/\/www.ilkkimbuldu.com\/ucagi-kim-buldu\/\">u\u00e7ak <\/a>da g\u00f6r\u00fcl\u00fcyordu), &#8220;L&#8217;Illustration&#8221; dergisinin Noel say\u0131s\u0131nda yay\u0131nland\u0131. \u0130ngiltere&#8217;de, u\u00e7aktan foto\u011fraf \u00e7eken ilk foto\u011fraf\u00e7\u0131 ise, Charles Shaw&#8217;d\u0131r. Nottingham Guardian gazetesinin kadrolu eleman\u0131 olan Shaw, 30 Eyl\u00fcl 1910 g\u00fcn\u00fc, 133 metre y\u00fckseklikten Burton-on-Trent nehrini g\u00f6r\u00fcnt\u00fcledi. Foto\u011fraf, Guardian gazetesinin ertesi g\u00fcnk\u00fc n\u00fcshas\u0131nda yay\u0131nland\u0131.<\/p>\n<p>Burton, \u00fc\u00e7 Frans\u0131z pilotunun u\u00e7u\u015f denemeleri yapt\u0131klar\u0131n\u0131 duyunca Burton&#8217;a gitmi\u015fti. Orada, pilotlardan M.Beau ile tan\u0131\u015farak kendisini ikna etti ve Farman tipi u\u00e7a\u011f\u0131na binmeyi ba\u015fard\u0131. \u00c7ekim s\u0131ras\u0131nda hayli korkulu dakikalar ya\u015fam\u0131\u015ft\u0131 ama, daha sonra o anlardan s\u00f6z ederken, &#8220;gazetecilik ya\u015fant\u0131m\u0131n hi\u00e7bir dakikas\u0131nda o denli heyecan duymad\u0131m&#8221; diyecekti.<\/p>\n","protected":false},"excerpt":{"rendered":"<p>&#8220;Nadar&#8221; takma ad\u0131yla bilinen Frans\u0131z havac\u0131 Gaspard Felix Tournachon taraf\u0131ndan 1858 y\u0131l\u0131n\u0131n son haftas\u0131 i\u00e7inde \u00e7ekildi. Tournachon, 87 metre y\u00fckseklikteki bir balondan, Paris&#8217;- in d\u0131\u015f\u0131ndaki Val de Bierre y\u00f6resini g\u00f6r\u00fcnt\u00fcledi&#8230;.<\/p>\n","protected":false},"author":1,"featured_media":0,"comment_status":"closed","ping_status":"closed","sticky":false,"template":"","format":"standard","meta":{"footnotes":""},"categories":[15],"tags":[518,1037,1036],"class_list":["post-906","post","type-post","status-publish","format-standard","hentry","category-eglence","tag-fotograf","tag-fotografcilik","tag-hava-fotografciligi"],"_links":{"self":[{"href":"https:\/\/www.ilkkimbuldu.com\/index.php?rest_route=\/wp\/v2\/posts\/906"}],"collection":[{"href":"https:\/\/www.ilkkimbuldu.com\/index.php?rest_route=\/wp\/v2\/posts"}],"about":[{"href":"https:\/\/www.ilkkimbuldu.com\/index.php?rest_route=\/wp\/v2\/types\/post"}],"author":[{"embeddable":true,"href":"https:\/\/www.ilkkimbuldu.com\/index.php?rest_route=\/wp\/v2\/users\/1"}],"replies":[{"embeddable":true,"href":"https:\/\/www.ilkkimbuldu.com\/index.php?rest_route=%2Fwp%2Fv2%2Fcomments&post=906"}],"version-history":[{"count":7,"href":"https:\/\/www.ilkkimbuldu.com\/index.php?rest_route=\/wp\/v2\/posts\/906\/revisions"}],"predecessor-version":[{"id":9581,"href":"https:\/\/www.ilkkimbuldu.com\/index.php?rest_route=\/wp\/v2\/posts\/906\/revisions\/9581"}],"wp:attachment":[{"href":"https:\/\/www.ilkkimbuldu.com\/index.php?rest_route=%2Fwp%2Fv2%2Fmedia&parent=906"}],"wp:term":[{"taxonomy":"category","embeddable":true,"href":"https:\/\/www.ilkkimbuldu.com\/index.php?rest_route=%2Fwp%2Fv2%2Fcategories&post=906"},{"taxonomy":"post_tag","embeddable":true,"href":"https:\/\/www.ilkkimbuldu.com\/index.php?rest_route=%2Fwp%2Fv2%2Ftags&post=906"}],"curies":[{"name":"wp","href":"https:\/\/api.w.org\/{rel}","templated":true}]}}